{"id":211869,"date":"2021-12-25T18:20:43","date_gmt":"2021-12-25T16:20:43","guid":{"rendered":"http:\/\/107.6.182.27\/es\/?p=211869"},"modified":"2023-01-10T14:22:07","modified_gmt":"2023-01-10T12:22:07","slug":"presidente-al-assad-felicita-a-cristianos-sirios-por-la-navidad","status":"publish","type":"post","link":"https:\/\/archive.sana.sy\/es\/?p=211869","title":{"rendered":"Presidente al-Assad felicita a cristianos sirios por la Navidad"},"content":{"rendered":"<p style=\"text-align: justify;\"><span style=\"color: #800000;\"><strong>Damasco, 25 dic (SANA) <\/strong><\/span>El presidente Bashar al-Assad, felicit\u00f3 hoy a las comunidades cristianas con motivo de la Navidad.<\/p>\n<p><img loading=\"lazy\" decoding=\"async\" class=\"size-medium wp-image-211871 alignright\" src=\"http:\/\/107.6.182.27\/es\/wp-content\/uploads\/2021\/12\/DSC09220-300x214.jpg\" alt=\"\" width=\"300\" height=\"214\" srcset=\"https:\/\/archive.sana.sy\/es\/wp-content\/uploads\/2021\/12\/DSC09220-300x214.jpg 300w, https:\/\/archive.sana.sy\/es\/wp-content\/uploads\/2021\/12\/DSC09220-150x107.jpg 150w, https:\/\/archive.sana.sy\/es\/wp-content\/uploads\/2021\/12\/DSC09220.jpg 660w\" sizes=\"(max-width: 300px) 100vw, 300px\" \/><\/p>\n<p style=\"text-align: justify;\">En nombre del presidente, el ministro de Asuntos Presidenciales, Mansour Azzam, extendi\u00f3 las felicitaciones a las m\u00e1ximas autoridades cristianas que incluyeron el patriarca de la Iglesia Greco-ortodoxa de Antioqu\u00eda y todo Oriente, Juan X, el patriarca y jefe Supremo de la Iglesia Sir\u00edaco Ortodoxa en el mundo, Mar Ignatius Aphrem II, y al Patriarca Cat\u00f3lico Melquita de Antioqu\u00eda y todo Oriente, Youssef al-Absi.<\/p>\n<p style=\"text-align: justify;\">Asimismo, felicit\u00f3 a los jefes de las iglesias cat\u00f3lico-armenias, Evang\u00e9lica Nacional, Presbiteriana, Latina, Maronita y Caldea.<\/p>\n<p style=\"text-align: justify;\">A su vez, los patriarcas agradecieron y apreciaron el gesto del presidente e imploraron a Dios que d\u00e9 a los sirios la capacidad de enfrentar el injusto asedio econ\u00f3mico apoyado por los pa\u00edses que patrocinan el terrorismo, y que los esfuerzos del presidente se culminen con derrotar el terrorismo y recuperar la estabilidad y seguridad.<\/p>\n<p style=\"text-align: justify;\"><span style=\"color: #0000ff;\"><strong>fm\/sm<\/strong><\/span><\/p>\n<div id='gallery-1' class='gallery galleryid-211869 gallery-columns-1 gallery-size-full'><figure class='gallery-item'>\n\t\t\t<div class='gallery-icon landscape'>\n\t\t\t\t<a href='https:\/\/archive.sana.sy\/es\/?attachment_id=211872'><img loading=\"lazy\" decoding=\"async\" width=\"660\" height=\"468\" src=\"https:\/\/archive.sana.sy\/es\/wp-content\/uploads\/2021\/12\/DSC09112.jpg\" class=\"attachment-full size-full\" alt=\"\" srcset=\"https:\/\/archive.sana.sy\/es\/wp-content\/uploads\/2021\/12\/DSC09112.jpg 660w, https:\/\/archive.sana.sy\/es\/wp-content\/uploads\/2021\/12\/DSC09112-300x213.jpg 300w, https:\/\/archive.sana.sy\/es\/wp-content\/uploads\/2021\/12\/DSC09112-150x106.jpg 150w\" sizes=\"(max-width: 660px) 100vw, 660px\" \/><\/a>\n\t\t\t<\/div><\/figure><figure class='gallery-item'>\n\t\t\t<div class='gallery-icon landscape'>\n\t\t\t\t<a href='https:\/\/archive.sana.sy\/es\/?attachment_id=211873'><img loading=\"lazy\" decoding=\"async\" width=\"660\" height=\"458\" src=\"https:\/\/archive.sana.sy\/es\/wp-content\/uploads\/2021\/12\/DSC09343.jpg\" class=\"attachment-full size-full\" alt=\"\" srcset=\"https:\/\/archive.sana.sy\/es\/wp-content\/uploads\/2021\/12\/DSC09343.jpg 660w, https:\/\/archive.sana.sy\/es\/wp-content\/uploads\/2021\/12\/DSC09343-300x208.jpg 300w, https:\/\/archive.sana.sy\/es\/wp-content\/uploads\/2021\/12\/DSC09343-150x104.jpg 150w, https:\/\/archive.sana.sy\/es\/wp-content\/uploads\/2021\/12\/DSC09343-110x75.jpg 110w\" sizes=\"(max-width: 660px) 100vw, 660px\" \/><\/a>\n\t\t\t<\/div><\/figure><figure class='gallery-item'>\n\t\t\t<div class='gallery-icon landscape'>\n\t\t\t\t<a href='https:\/\/archive.sana.sy\/es\/?attachment_id=211874'><img loading=\"lazy\" decoding=\"async\" width=\"660\" height=\"389\" src=\"https:\/\/archive.sana.sy\/es\/wp-content\/uploads\/2021\/12\/DSC09369.jpg\" class=\"attachment-full size-full\" alt=\"\" srcset=\"https:\/\/archive.sana.sy\/es\/wp-content\/uploads\/2021\/12\/DSC09369.jpg 660w, https:\/\/archive.sana.sy\/es\/wp-content\/uploads\/2021\/12\/DSC09369-300x177.jpg 300w, https:\/\/archive.sana.sy\/es\/wp-content\/uploads\/2021\/12\/DSC09369-150x88.jpg 150w\" sizes=\"(max-width: 660px) 100vw, 660px\" \/><\/a>\n\t\t\t<\/div><\/figure><figure class='gallery-item'>\n\t\t\t<div class='gallery-icon landscape'>\n\t\t\t\t<a href='https:\/\/archive.sana.sy\/es\/?attachment_id=211875'><img loading=\"lazy\" decoding=\"async\" width=\"660\" height=\"369\" src=\"https:\/\/archive.sana.sy\/es\/wp-content\/uploads\/2021\/12\/DSC09499.jpg\" class=\"attachment-full size-full\" alt=\"\" srcset=\"https:\/\/archive.sana.sy\/es\/wp-content\/uploads\/2021\/12\/DSC09499.jpg 660w, https:\/\/archive.sana.sy\/es\/wp-content\/uploads\/2021\/12\/DSC09499-300x168.jpg 300w, https:\/\/archive.sana.sy\/es\/wp-content\/uploads\/2021\/12\/DSC09499-150x84.jpg 150w\" sizes=\"(max-width: 660px) 100vw, 660px\" \/><\/a>\n\t\t\t<\/div><\/figure><figure class='gallery-item'>\n\t\t\t<div class='gallery-icon landscape'>\n\t\t\t\t<a href='https:\/\/archive.sana.sy\/es\/?attachment_id=211876'><img loading=\"lazy\" decoding=\"async\" width=\"660\" height=\"428\" src=\"https:\/\/archive.sana.sy\/es\/wp-content\/uploads\/2021\/12\/DSC09716.jpg\" class=\"attachment-full size-full\" alt=\"\" srcset=\"https:\/\/archive.sana.sy\/es\/wp-content\/uploads\/2021\/12\/DSC09716.jpg 660w, https:\/\/archive.sana.sy\/es\/wp-content\/uploads\/2021\/12\/DSC09716-300x195.jpg 300w, https:\/\/archive.sana.sy\/es\/wp-content\/uploads\/2021\/12\/DSC09716-150x97.jpg 150w\" sizes=\"(max-width: 660px) 100vw, 660px\" \/><\/a>\n\t\t\t<\/div><\/figure>\n\t\t<\/div>\n\n","protected":false},"excerpt":{"rendered":"<p>Damasco, 25 dic (SANA) El presidente Bashar al-Assad, felicit\u00f3 hoy a las comunidades cristianas con motivo de la Navidad. En nombre del presidente, el ministro de Asuntos Presidenciales, Mansour Azzam, extendi\u00f3 las felicitaciones a las m\u00e1ximas autoridades cristianas que incluyeron el patriarca de la Iglesia Greco-ortodoxa de Antioqu\u00eda y todo Oriente, Juan X, el patriarca &hellip;<\/p>\n","protected":false},"author":39,"featured_media":211870,"comment_status":"closed","ping_status":"closed","sticky":false,"template":"","format":"standard","meta":{"footnotes":""},"categories":[447,597,476,583],"tags":[20619,20530,8789],"class_list":["post-211869","post","type-post","status-publish","format-standard","has-post-thumbnail","","category-local-politica","category-cinta-de-noticias","category-locales","category-slide","tag-cristianos-sirios","tag-navidad","tag-presidente-al-assad"],"_links":{"self":[{"href":"https:\/\/archive.sana.sy\/es\/index.php?rest_route=\/wp\/v2\/posts\/211869"}],"collection":[{"href":"https:\/\/archive.sana.sy\/es\/index.php?rest_route=\/wp\/v2\/posts"}],"about":[{"href":"https:\/\/archive.sana.sy\/es\/index.php?rest_route=\/wp\/v2\/types\/post"}],"author":[{"embeddable":true,"href":"https:\/\/archive.sana.sy\/es\/index.php?rest_route=\/wp\/v2\/users\/39"}],"replies":[{"embeddable":true,"href":"https:\/\/archive.sana.sy\/es\/index.php?rest_route=%2Fwp%2Fv2%2Fcomments&post=211869"}],"version-history":[{"count":0,"href":"https:\/\/archive.sana.sy\/es\/index.php?rest_route=\/wp\/v2\/posts\/211869\/revisions"}],"wp:featuredmedia":[{"embeddable":true,"href":"https:\/\/archive.sana.sy\/es\/index.php?rest_route=\/wp\/v2\/media\/211870"}],"wp:attachment":[{"href":"https:\/\/archive.sana.sy\/es\/index.php?rest_route=%2Fwp%2Fv2%2Fmedia&parent=211869"}],"wp:term":[{"taxonomy":"category","embeddable":true,"href":"https:\/\/archive.sana.sy\/es\/index.php?rest_route=%2Fwp%2Fv2%2Fcategories&post=211869"},{"taxonomy":"post_tag","embeddable":true,"href":"https:\/\/archive.sana.sy\/es\/index.php?rest_route=%2Fwp%2Fv2%2Ftags&post=211869"}],"curies":[{"name":"wp","href":"https:\/\/api.w.org\/{rel}","templated":true}]}}