{"id":21189,"date":"2015-04-12T20:13:43","date_gmt":"2015-04-12T17:13:43","guid":{"rendered":"http:\/\/www.sana.sy\/es\/?p=21189"},"modified":"2015-04-12T20:13:43","modified_gmt":"2015-04-12T17:13:43","slug":"papa-francisco-las-matanzas-cometidas-contra-los-armenios-durante-el-reinado-del-imperio-otomano-constituyen-un-genocidio","status":"publish","type":"post","link":"https:\/\/archive.sana.sy\/es\/?p=21189","title":{"rendered":"Papa Francisco: las matanzas cometidas contra los armenios durante el reinado del Imperio Otomano constituyen un genocidio"},"content":{"rendered":"<p>El Vaticano-SANA<\/p>\n<p>El papa Francisco, papa del Vaticano confirma\u00a0 que las matanzas cometidas contra los armenios hace cien a\u00f1os, durante el reinado del Imperio Otomano constituyen un genocidio.<\/p>\n<p>En una misa festiva en la Catedral de San Pedro en Roma, el papa Francisco dijo bas\u00e1ndose en un documento firmado en el a\u00f1o 2000 por el\u00a0 Papa Juan Pablo II y el Patriarca de la poblaci\u00f3n armenia que en el siglo pasado la humanidad sufri\u00f3 tres cat\u00e1strofes colectivas sin precedentes, la primera fue considerada como el primer genocidio cometido en el siglo XX, contra el pueblo armenio.<\/p>\n<p>El papa Francisco agreg\u00f3 que otras tragedias fueron cometidas por los nazis y por otros.<\/p>\n<p>Es de se\u00f1alar que Turqu\u00eda convoc\u00f3 al embajador del Vaticano en Turqu\u00eda en\u00a0 protesta a estas declaraciones.<\/p>\n<p>Yamil K.<\/p>\n","protected":false},"excerpt":{"rendered":"<p>El Vaticano-SANA El papa Francisco, papa del Vaticano confirma\u00a0 que las matanzas cometidas contra los armenios hace cien a\u00f1os, durante el reinado del Imperio Otomano constituyen un genocidio. En una misa festiva en la Catedral de San Pedro en Roma, el papa Francisco dijo bas\u00e1ndose en un documento firmado en el a\u00f1o 2000 por el\u00a0 &hellip;<\/p>\n","protected":false},"author":1,"featured_media":21190,"comment_status":"closed","ping_status":"closed","sticky":false,"template":"","format":"standard","meta":{"footnotes":""},"categories":[456,457,576],"tags":[],"class_list":["post-21189","post","type-post","status-publish","format-standard","has-post-thumbnail","","category-arabe-internacional-politica","category-noticias-arabe-internacional-politica","category-noticias-politicas"],"_links":{"self":[{"href":"https:\/\/archive.sana.sy\/es\/index.php?rest_route=\/wp\/v2\/posts\/21189"}],"collection":[{"href":"https:\/\/archive.sana.sy\/es\/index.php?rest_route=\/wp\/v2\/posts"}],"about":[{"href":"https:\/\/archive.sana.sy\/es\/index.php?rest_route=\/wp\/v2\/types\/post"}],"author":[{"embeddable":true,"href":"https:\/\/archive.sana.sy\/es\/index.php?rest_route=\/wp\/v2\/users\/1"}],"replies":[{"embeddable":true,"href":"https:\/\/archive.sana.sy\/es\/index.php?rest_route=%2Fwp%2Fv2%2Fcomments&post=21189"}],"version-history":[{"count":0,"href":"https:\/\/archive.sana.sy\/es\/index.php?rest_route=\/wp\/v2\/posts\/21189\/revisions"}],"wp:featuredmedia":[{"embeddable":true,"href":"https:\/\/archive.sana.sy\/es\/index.php?rest_route=\/wp\/v2\/media\/21190"}],"wp:attachment":[{"href":"https:\/\/archive.sana.sy\/es\/index.php?rest_route=%2Fwp%2Fv2%2Fmedia&parent=21189"}],"wp:term":[{"taxonomy":"category","embeddable":true,"href":"https:\/\/archive.sana.sy\/es\/index.php?rest_route=%2Fwp%2Fv2%2Fcategories&post=21189"},{"taxonomy":"post_tag","embeddable":true,"href":"https:\/\/archive.sana.sy\/es\/index.php?rest_route=%2Fwp%2Fv2%2Ftags&post=21189"}],"curies":[{"name":"wp","href":"https:\/\/api.w.org\/{rel}","templated":true}]}}