{"id":211935,"date":"2021-12-26T06:16:59","date_gmt":"2021-12-26T04:16:59","guid":{"rendered":"http:\/\/107.6.182.27\/es\/?p=211935"},"modified":"2023-01-10T14:22:07","modified_gmt":"2023-01-10T12:22:07","slug":"capturados-autores-de-atentados-terroristas-perpetrados-en-damasco-y-sus-alrededores-en-los-ultimos-tres-anos","status":"publish","type":"post","link":"https:\/\/archive.sana.sy\/es\/?p=211935","title":{"rendered":"Capturados autores de atentados terroristas perpetrados en Damasco y sus alrededores en los \u00faltimos tres a\u00f1os"},"content":{"rendered":"<p style=\"text-align: justify;\"><span style=\"color: #800000;\"><strong>Damasco, 26 dic (SANA)\u00a0 \u00a0<\/strong><\/span>Las fuerzas de seguridad capturaron a los integrantes de la red terrorista responsable de los atentados con explosivos perpetrados durante los a\u00f1os 2019, 2020 y 2021 y cobraron la vida de civiles y militares.<\/p>\n<p>En confesiones difundidas por la televisi\u00f3n nacional, los terroristas admitieron que recib\u00edan instrucciones de cabecillas del Frente Al-Nousra (actualmente Hayat Tahrir al-Sham) presentes en la provincia de Idlib.<\/p>\n<p>Seg\u00fan confesaron, ellos perpetraron atentados con figuras civiles y militares despu\u00e9s de observar sus movimientos, y luego publicaban las reivindicaciones de la autor\u00eda de los atentados en nombre de una organizaci\u00f3n ficticia llamada \u201cSaraya Qasioun\u201d (Brigadas del Qassiun) y el objetivo era alejar sospechas de autor\u00eda de al-Nousra.<\/p>\n<p>Admitieron haber usado carn\u00e9s de identidad falsas para recibir y distribuir materiales explosivos y dinero.<\/p>\n<p style=\"text-align: justify;\">Una terrorista que recib\u00eda \u00f3rdenes del terrorista Abu Saleh del Frente al-Nousra en Idlib, admiti\u00f3 haber usado las redes sociales con el objetivo de grabar videos a determinadas personas para chantajearlas y obligarlas a trabajar con su grupo terrorista.<\/p>\n<p style=\"text-align: justify;\">El grupo capturado incluye a los siguientes terroristas:<\/p>\n<ul style=\"text-align: justify;\">\n<li>Tariq Zaki Al-Saadi, apodado Abu Muhammad, nacido en Damasco- campamento de Yarmuk en 1994.<\/li>\n<li>Muhammad Ayman Omar Arslan, apodado Abu Hamza, nacido en Arbin\/ Damasco-campo en 1990.<\/li>\n<li>Youssef Muhammad al-Khamis, apodado Abu Yamen, nacido en al-Muzayrib\/Deraa en 1991.<\/li>\n<li>Abdullah Muhammad Irfan Al-Masalkhi, apodado Abu Yousef, nacido en Salhia\/Ciudad de Damasco en 1995.<\/li>\n<li>Mahmoud Nazhat Nazhat nacido en Hameh\/ Damasco-campo en 1990.<\/li>\n<li>Omar Fahd Nazhat, nacido en Hameh\/ Damasco-campo en 1997.<\/li>\n<\/ul>\n<p style=\"text-align: justify;\">Estos son los atentados perpetrados por esta red terrorista:<\/p>\n<ul style=\"text-align: justify;\">\n<li>Atentado con explosivo contra un integrante de la Fuerza de Defensa Nacional en el barrio de Nahr Aisha\/Damasco en la fecha de 24\/04\/2019, lo que provoc\u00f3 la muerte de un ciudadano.<\/li>\n<li>Atentado con explosivo contra el profesor y analista pol\u00edtico Dr. Talib Ibrahim en Damasco en la fecha de 27-6-2019, lo que provoc\u00f3 lesiones graves a su esposa e hijo.<\/li>\n<li>Atentado contra el comandante del Centro de Defensa Nacional en el barrio de Nahr Aisha en la fecha de 22-7-2019, lo que provoc\u00f3 la muerte de un ciudadano.<\/li>\n<li>Atentado contra el alcalde del distrito de Qudsaya, Nabil Rizma, el 29 de agosto de 2019 lo que provoc\u00f3 su muerte.<\/li>\n<li>Atentado contra el responsable de Defensa Nacional en el barrio de al-Dahadeel al sur de Damasco en la fecha de 16-12-2019, lo que provoc\u00f3 su muerte.<\/li>\n<li>Atentado contra un integrante de la Defensa Nacional en Al-Dahadeel en la fecha de 13 de marzo de 2020, lo que lo llev\u00f3 a la muerte.<\/li>\n<li>Atentado contra un miembro de la Defensa Nacional en el barrio de Nahr Aisha en la fecha de 18\/07\/2020, lo que provoc\u00f3 su muerte y lesiones a su hermano.<\/li>\n<li>Atentado contra el jeque Adnan Al-Afyouni, el muft\u00ed de Damasco en la fecha de 22\/10\/2020, lo que provoc\u00f3 su muerte.<\/li>\n<li>Detonar dos artefactos explosivos en la carretera de Somar\u00edah (salida noroeste de Damasco) en la fecha de 15\/12\/2020, provocando da\u00f1os materiales.<\/li>\n<li>Atentado por segunda vez contra el funcionario del sector de Defensa Nacional en el barrio de Nahr Aisha en la fecha de 17-1-2021.<\/li>\n<li>Intento fallido de llevar a cabo un ataque terrorista en el barrio de Kafer Sousa en junio de 2021 mediante un terrorista suicida.<\/li>\n<li>Detonar un artefacto explosivo en la fecha de 24\/7\/2021 en la Circunvalaci\u00f3n Sure\u00f1a.<\/li>\n<li>Atentado contra un autob\u00fas que transportaba empleados civiles que trabajaban en la Empresa Militar de Viviendas el 20\/10\/2021 cerca del Puente del Presidente, en Damasco lo que provoc\u00f3 la muerte de 14 trabajadores.<\/li>\n<\/ul>\n<p style=\"text-align: justify;\">fm<\/p>\n","protected":false},"excerpt":{"rendered":"<p>Damasco, 26 dic (SANA)\u00a0 \u00a0Las fuerzas de seguridad capturaron a los integrantes de la red terrorista responsable de los atentados con explosivos perpetrados durante los a\u00f1os 2019, 2020 y 2021 y cobraron la vida de civiles y militares. En confesiones difundidas por la televisi\u00f3n nacional, los terroristas admitieron que recib\u00edan instrucciones de cabecillas del Frente &hellip;<\/p>\n","protected":false},"author":34,"featured_media":211936,"comment_status":"closed","ping_status":"closed","sticky":false,"template":"","format":"standard","meta":{"footnotes":""},"categories":[447,477,597,476,457,583,7541],"tags":[],"class_list":["post-211935","post","type-post","status-publish","format-standard","has-post-thumbnail","","category-local-politica","category-noticias-edulcorantes","category-cinta-de-noticias","category-locales","category-noticias-arabe-internacional-politica","category-slide","category-ultimas-noticias"],"_links":{"self":[{"href":"https:\/\/archive.sana.sy\/es\/index.php?rest_route=\/wp\/v2\/posts\/211935"}],"collection":[{"href":"https:\/\/archive.sana.sy\/es\/index.php?rest_route=\/wp\/v2\/posts"}],"about":[{"href":"https:\/\/archive.sana.sy\/es\/index.php?rest_route=\/wp\/v2\/types\/post"}],"author":[{"embeddable":true,"href":"https:\/\/archive.sana.sy\/es\/index.php?rest_route=\/wp\/v2\/users\/34"}],"replies":[{"embeddable":true,"href":"https:\/\/archive.sana.sy\/es\/index.php?rest_route=%2Fwp%2Fv2%2Fcomments&post=211935"}],"version-history":[{"count":0,"href":"https:\/\/archive.sana.sy\/es\/index.php?rest_route=\/wp\/v2\/posts\/211935\/revisions"}],"wp:featuredmedia":[{"embeddable":true,"href":"https:\/\/archive.sana.sy\/es\/index.php?rest_route=\/wp\/v2\/media\/211936"}],"wp:attachment":[{"href":"https:\/\/archive.sana.sy\/es\/index.php?rest_route=%2Fwp%2Fv2%2Fmedia&parent=211935"}],"wp:term":[{"taxonomy":"category","embeddable":true,"href":"https:\/\/archive.sana.sy\/es\/index.php?rest_route=%2Fwp%2Fv2%2Fcategories&post=211935"},{"taxonomy":"post_tag","embeddable":true,"href":"https:\/\/archive.sana.sy\/es\/index.php?rest_route=%2Fwp%2Fv2%2Ftags&post=211935"}],"curies":[{"name":"wp","href":"https:\/\/api.w.org\/{rel}","templated":true}]}}