{"id":211991,"date":"2021-12-26T12:55:56","date_gmt":"2021-12-26T10:55:56","guid":{"rendered":"http:\/\/107.6.182.27\/es\/?p=211991"},"modified":"2021-12-26T12:59:17","modified_gmt":"2021-12-26T10:59:17","slug":"ejercito-sirio-incauta-armas-y-municiones-remanentes-de-terroristas-fotos","status":"publish","type":"post","link":"https:\/\/archive.sana.sy\/es\/?p=211991","title":{"rendered":"Ej\u00e9rcito sirio incauta armas y municiones remanentes de terroristas (+ fotos)"},"content":{"rendered":"<p style=\"text-align: justify;\"><span style=\"color: #800000;\"><strong>Deraa, 26 dic (SANA)\u00a0 \u00a0 \u00a0<\/strong><\/span>Unidades conjuntas del Ej\u00e9rcito y las Fuerzas de Seguridad incautaron hoy armas y municiones durante varias operaciones de peinado en la provincia de Deraa, en el sur del pa\u00eds.<\/p>\n<p style=\"text-align: justify;\">El pertrecho b\u00e9lico confiscado incluye decenas de fusiles autom\u00e1ticos, minas antitanques, granadas de mano, explosivos, proyectiles anti blindados, lanzadores de RPG y decenas de cajas de balas para ametralladoras, adem\u00e1s de aparatos de telecomunicaci\u00f3n inal\u00e1mbricos.<\/p>\n<p>fm\/ed<\/p>\n<div id='gallery-1' class='gallery galleryid-211991 gallery-columns-1 gallery-size-full'><figure class='gallery-item'>\n\t\t\t<div class='gallery-icon landscape'>\n\t\t\t\t<a href='https:\/\/archive.sana.sy\/es\/wp-content\/uploads\/2021\/12\/photo_2021-12-26_12-33-57.jpg'><img loading=\"lazy\" decoding=\"async\" width=\"1280\" height=\"903\" src=\"https:\/\/archive.sana.sy\/es\/wp-content\/uploads\/2021\/12\/photo_2021-12-26_12-33-57.jpg\" class=\"attachment-full size-full\" alt=\"\" srcset=\"https:\/\/archive.sana.sy\/es\/wp-content\/uploads\/2021\/12\/photo_2021-12-26_12-33-57.jpg 1280w, https:\/\/archive.sana.sy\/es\/wp-content\/uploads\/2021\/12\/photo_2021-12-26_12-33-57-300x212.jpg 300w, https:\/\/archive.sana.sy\/es\/wp-content\/uploads\/2021\/12\/photo_2021-12-26_12-33-57-1024x722.jpg 1024w, https:\/\/archive.sana.sy\/es\/wp-content\/uploads\/2021\/12\/photo_2021-12-26_12-33-57-150x106.jpg 150w, https:\/\/archive.sana.sy\/es\/wp-content\/uploads\/2021\/12\/photo_2021-12-26_12-33-57-768x542.jpg 768w\" sizes=\"(max-width: 1280px) 100vw, 1280px\" \/><\/a>\n\t\t\t<\/div><\/figure><figure class='gallery-item'>\n\t\t\t<div class='gallery-icon landscape'>\n\t\t\t\t<a href='https:\/\/archive.sana.sy\/es\/wp-content\/uploads\/2021\/12\/photo_2021-12-26_12-33-58.jpg'><img loading=\"lazy\" decoding=\"async\" width=\"1280\" height=\"959\" src=\"https:\/\/archive.sana.sy\/es\/wp-content\/uploads\/2021\/12\/photo_2021-12-26_12-33-58.jpg\" class=\"attachment-full size-full\" alt=\"\" srcset=\"https:\/\/archive.sana.sy\/es\/wp-content\/uploads\/2021\/12\/photo_2021-12-26_12-33-58.jpg 1280w, https:\/\/archive.sana.sy\/es\/wp-content\/uploads\/2021\/12\/photo_2021-12-26_12-33-58-300x225.jpg 300w, https:\/\/archive.sana.sy\/es\/wp-content\/uploads\/2021\/12\/photo_2021-12-26_12-33-58-1024x767.jpg 1024w, https:\/\/archive.sana.sy\/es\/wp-content\/uploads\/2021\/12\/photo_2021-12-26_12-33-58-150x112.jpg 150w, https:\/\/archive.sana.sy\/es\/wp-content\/uploads\/2021\/12\/photo_2021-12-26_12-33-58-768x575.jpg 768w\" sizes=\"(max-width: 1280px) 100vw, 1280px\" \/><\/a>\n\t\t\t<\/div><\/figure><figure class='gallery-item'>\n\t\t\t<div class='gallery-icon landscape'>\n\t\t\t\t<a href='https:\/\/archive.sana.sy\/es\/wp-content\/uploads\/2021\/12\/photo_2021-12-26_12-33-59.jpg'><img loading=\"lazy\" decoding=\"async\" width=\"1280\" height=\"826\" src=\"https:\/\/archive.sana.sy\/es\/wp-content\/uploads\/2021\/12\/photo_2021-12-26_12-33-59.jpg\" class=\"attachment-full size-full\" alt=\"\" srcset=\"https:\/\/archive.sana.sy\/es\/wp-content\/uploads\/2021\/12\/photo_2021-12-26_12-33-59.jpg 1280w, https:\/\/archive.sana.sy\/es\/wp-content\/uploads\/2021\/12\/photo_2021-12-26_12-33-59-300x194.jpg 300w, https:\/\/archive.sana.sy\/es\/wp-content\/uploads\/2021\/12\/photo_2021-12-26_12-33-59-1024x661.jpg 1024w, https:\/\/archive.sana.sy\/es\/wp-content\/uploads\/2021\/12\/photo_2021-12-26_12-33-59-150x97.jpg 150w, https:\/\/archive.sana.sy\/es\/wp-content\/uploads\/2021\/12\/photo_2021-12-26_12-33-59-768x496.jpg 768w\" sizes=\"(max-width: 1280px) 100vw, 1280px\" \/><\/a>\n\t\t\t<\/div><\/figure>\n\t\t<\/div>\n\n","protected":false},"excerpt":{"rendered":"<p>Deraa, 26 dic (SANA)\u00a0 \u00a0 \u00a0Unidades conjuntas del Ej\u00e9rcito y las Fuerzas de Seguridad incautaron hoy armas y municiones durante varias operaciones de peinado en la provincia de Deraa, en el sur del pa\u00eds. El pertrecho b\u00e9lico confiscado incluye decenas de fusiles autom\u00e1ticos, minas antitanques, granadas de mano, explosivos, proyectiles anti blindados, lanzadores de RPG &hellip;<\/p>\n","protected":false},"author":32,"featured_media":211992,"comment_status":"closed","ping_status":"closed","sticky":false,"template":"","format":"standard","meta":{"footnotes":""},"categories":[477,597,476,457,571,583],"tags":[17398],"class_list":["post-211991","post","type-post","status-publish","format-standard","has-post-thumbnail","","category-noticias-edulcorantes","category-cinta-de-noticias","category-locales","category-noticias-arabe-internacional-politica","category-siria-en-fotos","category-slide","tag-deraa"],"_links":{"self":[{"href":"https:\/\/archive.sana.sy\/es\/index.php?rest_route=\/wp\/v2\/posts\/211991"}],"collection":[{"href":"https:\/\/archive.sana.sy\/es\/index.php?rest_route=\/wp\/v2\/posts"}],"about":[{"href":"https:\/\/archive.sana.sy\/es\/index.php?rest_route=\/wp\/v2\/types\/post"}],"author":[{"embeddable":true,"href":"https:\/\/archive.sana.sy\/es\/index.php?rest_route=\/wp\/v2\/users\/32"}],"replies":[{"embeddable":true,"href":"https:\/\/archive.sana.sy\/es\/index.php?rest_route=%2Fwp%2Fv2%2Fcomments&post=211991"}],"version-history":[{"count":0,"href":"https:\/\/archive.sana.sy\/es\/index.php?rest_route=\/wp\/v2\/posts\/211991\/revisions"}],"wp:featuredmedia":[{"embeddable":true,"href":"https:\/\/archive.sana.sy\/es\/index.php?rest_route=\/wp\/v2\/media\/211992"}],"wp:attachment":[{"href":"https:\/\/archive.sana.sy\/es\/index.php?rest_route=%2Fwp%2Fv2%2Fmedia&parent=211991"}],"wp:term":[{"taxonomy":"category","embeddable":true,"href":"https:\/\/archive.sana.sy\/es\/index.php?rest_route=%2Fwp%2Fv2%2Fcategories&post=211991"},{"taxonomy":"post_tag","embeddable":true,"href":"https:\/\/archive.sana.sy\/es\/index.php?rest_route=%2Fwp%2Fv2%2Ftags&post=211991"}],"curies":[{"name":"wp","href":"https:\/\/api.w.org\/{rel}","templated":true}]}}