{"id":211997,"date":"2021-12-26T15:40:56","date_gmt":"2021-12-26T13:40:56","guid":{"rendered":"http:\/\/107.6.182.27\/es\/?p=211997"},"modified":"2023-01-12T14:39:24","modified_gmt":"2023-01-12T12:39:24","slug":"varios-palestinos-resultan-heridos-por-represion-israeli-2","status":"publish","type":"post","link":"https:\/\/archive.sana.sy\/es\/?p=211997","title":{"rendered":"Varios palestinos resultan heridos por represi\u00f3n israel\u00ed"},"content":{"rendered":"<p style=\"text-align: justify;\"><span style=\"color: #800000;\"><strong>Jerusal\u00e9n ocupada, 26 dic (SANA)\u00a0<\/strong> <\/span>\u00a0 Varios estudiantes palestinos resultaron heridos cuando las tropas de ocupaci\u00f3n israel\u00edes asaltaron las localidades de Al-Khader, al sur de Bel\u00e9n y Tuqu&#8217; al este de Cisjordania.<\/p>\n<p style=\"text-align: justify;\">Seg\u00fan divulg\u00f3 la agencia palestina WAFA, los soldados israel\u00edes irrumpieron en el complejo escolar en el vecindario de Al-Tal en Al-Khader donde dispararon bombas de gas lacrim\u00f3geno contra los estudiantes palestinos mientras sal\u00edan de sus escuelas, lo cual provoc\u00f3 decenas de casos de asfixia.<\/p>\n<p style=\"text-align: justify;\">El Ministerio de Educaci\u00f3n palestino exigi\u00f3 que las Naciones Unidas y las organizaciones humanitarias y de derechos humanos internacionales que sigan presionando a la ocupaci\u00f3n israel\u00ed para que detenga sus violaciones y ataques contra estudiantes e instituciones educativas en la Palestina ocupada.<\/p>\n<p style=\"text-align: justify;\">Asimismo, las tropas sionistas asaltaron Silwan en la ciudad ocupada de Jerusal\u00e9n y allanaron la casa del gobernador de Jerusal\u00e9n y arrestaron a tres j\u00f3venes.<\/p>\n<p style=\"text-align: justify;\">ed\/fm<\/p>\n","protected":false},"excerpt":{"rendered":"<p>Jerusal\u00e9n ocupada, 26 dic (SANA)\u00a0 \u00a0 Varios estudiantes palestinos resultaron heridos cuando las tropas de ocupaci\u00f3n israel\u00edes asaltaron las localidades de Al-Khader, al sur de Bel\u00e9n y Tuqu&#8217; al este de Cisjordania. Seg\u00fan divulg\u00f3 la agencia palestina WAFA, los soldados israel\u00edes irrumpieron en el complejo escolar en el vecindario de Al-Tal en Al-Khader donde dispararon &hellip;<\/p>\n","protected":false},"author":32,"featured_media":211998,"comment_status":"closed","ping_status":"closed","sticky":false,"template":"","format":"standard","meta":{"footnotes":""},"categories":[597,456,7541],"tags":[10660,20621,20622],"class_list":["post-211997","post","type-post","status-publish","format-standard","has-post-thumbnail","","category-cinta-de-noticias","category-arabe-internacional-politica","category-ultimas-noticias","tag-jerusalen-ocupada","tag-silwan","tag-v"],"_links":{"self":[{"href":"https:\/\/archive.sana.sy\/es\/index.php?rest_route=\/wp\/v2\/posts\/211997"}],"collection":[{"href":"https:\/\/archive.sana.sy\/es\/index.php?rest_route=\/wp\/v2\/posts"}],"about":[{"href":"https:\/\/archive.sana.sy\/es\/index.php?rest_route=\/wp\/v2\/types\/post"}],"author":[{"embeddable":true,"href":"https:\/\/archive.sana.sy\/es\/index.php?rest_route=\/wp\/v2\/users\/32"}],"replies":[{"embeddable":true,"href":"https:\/\/archive.sana.sy\/es\/index.php?rest_route=%2Fwp%2Fv2%2Fcomments&post=211997"}],"version-history":[{"count":0,"href":"https:\/\/archive.sana.sy\/es\/index.php?rest_route=\/wp\/v2\/posts\/211997\/revisions"}],"wp:featuredmedia":[{"embeddable":true,"href":"https:\/\/archive.sana.sy\/es\/index.php?rest_route=\/wp\/v2\/media\/211998"}],"wp:attachment":[{"href":"https:\/\/archive.sana.sy\/es\/index.php?rest_route=%2Fwp%2Fv2%2Fmedia&parent=211997"}],"wp:term":[{"taxonomy":"category","embeddable":true,"href":"https:\/\/archive.sana.sy\/es\/index.php?rest_route=%2Fwp%2Fv2%2Fcategories&post=211997"},{"taxonomy":"post_tag","embeddable":true,"href":"https:\/\/archive.sana.sy\/es\/index.php?rest_route=%2Fwp%2Fv2%2Ftags&post=211997"}],"curies":[{"name":"wp","href":"https:\/\/api.w.org\/{rel}","templated":true}]}}