{"id":21209,"date":"2015-04-13T20:18:33","date_gmt":"2015-04-13T17:18:33","guid":{"rendered":"http:\/\/www.sana.sy\/es\/?p=21209"},"modified":"2015-04-13T21:11:12","modified_gmt":"2015-04-13T18:11:12","slug":"rusia-las-sanciones-contra-siria-son-ilegales","status":"publish","type":"post","link":"https:\/\/archive.sana.sy\/es\/?p=21209","title":{"rendered":"Rusia: Las sanciones contra Siria son ilegales"},"content":{"rendered":"<p>Mosc\u00fa-SANA<\/p>\n<p>El Director General de la empresa exportadora de armas \u00a8Rosoboronexport\u00a8, Anatoli Issa\u00efkine afirm\u00f3 que la cooperaci\u00f3n militar t\u00e9cnica entre Rusia y Siria es totalmente leg\u00edtimo.<\/p>\n<p>Issa\u00efkine dijo en una pl\u00e1tica con el peri\u00f3dico \u00a8Kommersant\u00a8, que las armas que posee Siria est\u00e1n destinadas a los guarda frontera y la lucha contra el terrorismo, agregando que los exportadores de armas no enfrentan ninguna dificultad en entregar sus cargas al Ej\u00e9rcito sirio.<\/p>\n<p>\u00a8Siria ha luchado contra aquellos que han creado la organizaci\u00f3n terrorista del EIIL y este pa\u00eds ha realizado extraordinarios esfuerzos para impedir la propagaci\u00f3n de esta organizaci\u00f3n en su territorio\u00a8, argument\u00f3.<\/p>\n<p>\u00a8A pesar de ello, los pa\u00edses occidentales y EEUU impusieron sanciones contra Siria, estas sanciones son ilegales, porque el Consejo de Seguridad no ha emitido resoluciones en este sentido\u00a8, destac\u00f3.<\/p>\n<p>Yamil K.<\/p>\n","protected":false},"excerpt":{"rendered":"<p>Mosc\u00fa-SANA El Director General de la empresa exportadora de armas \u00a8Rosoboronexport\u00a8, Anatoli Issa\u00efkine afirm\u00f3 que la cooperaci\u00f3n militar t\u00e9cnica entre Rusia y Siria es totalmente leg\u00edtimo. Issa\u00efkine dijo en una pl\u00e1tica con el peri\u00f3dico \u00a8Kommersant\u00a8, que las armas que posee Siria est\u00e1n destinadas a los guarda frontera y la lucha contra el terrorismo, agregando que &hellip;<\/p>\n","protected":false},"author":1,"featured_media":21210,"comment_status":"closed","ping_status":"closed","sticky":false,"template":"","format":"standard","meta":{"footnotes":""},"categories":[456,457,576],"tags":[],"class_list":["post-21209","post","type-post","status-publish","format-standard","has-post-thumbnail","","category-arabe-internacional-politica","category-noticias-arabe-internacional-politica","category-noticias-politicas"],"_links":{"self":[{"href":"https:\/\/archive.sana.sy\/es\/index.php?rest_route=\/wp\/v2\/posts\/21209"}],"collection":[{"href":"https:\/\/archive.sana.sy\/es\/index.php?rest_route=\/wp\/v2\/posts"}],"about":[{"href":"https:\/\/archive.sana.sy\/es\/index.php?rest_route=\/wp\/v2\/types\/post"}],"author":[{"embeddable":true,"href":"https:\/\/archive.sana.sy\/es\/index.php?rest_route=\/wp\/v2\/users\/1"}],"replies":[{"embeddable":true,"href":"https:\/\/archive.sana.sy\/es\/index.php?rest_route=%2Fwp%2Fv2%2Fcomments&post=21209"}],"version-history":[{"count":0,"href":"https:\/\/archive.sana.sy\/es\/index.php?rest_route=\/wp\/v2\/posts\/21209\/revisions"}],"wp:featuredmedia":[{"embeddable":true,"href":"https:\/\/archive.sana.sy\/es\/index.php?rest_route=\/wp\/v2\/media\/21210"}],"wp:attachment":[{"href":"https:\/\/archive.sana.sy\/es\/index.php?rest_route=%2Fwp%2Fv2%2Fmedia&parent=21209"}],"wp:term":[{"taxonomy":"category","embeddable":true,"href":"https:\/\/archive.sana.sy\/es\/index.php?rest_route=%2Fwp%2Fv2%2Fcategories&post=21209"},{"taxonomy":"post_tag","embeddable":true,"href":"https:\/\/archive.sana.sy\/es\/index.php?rest_route=%2Fwp%2Fv2%2Ftags&post=21209"}],"curies":[{"name":"wp","href":"https:\/\/api.w.org\/{rel}","templated":true}]}}