{"id":212360,"date":"2021-12-28T20:52:43","date_gmt":"2021-12-28T18:52:43","guid":{"rendered":"http:\/\/107.6.182.27\/es\/?p=212360"},"modified":"2021-12-28T21:11:30","modified_gmt":"2021-12-28T19:11:30","slug":"el-libano-condena-la-agresion-israeli-contra-el-puerto-de-latakia","status":"publish","type":"post","link":"https:\/\/archive.sana.sy\/es\/?p=212360","title":{"rendered":"El L\u00edbano condena la agresi\u00f3n israel\u00ed contra el puerto de Latakia"},"content":{"rendered":"<p style=\"text-align: justify;\"><span style=\"color: #800000;\"><strong>Beirut, 28 dic (SANA)\u00a0 \u00a0<\/strong><\/span>El Ministerio de Relaciones Exteriores y Emigrantes liban\u00e9s conden\u00f3 hoy martes en\u00e9rgicamente la agresi\u00f3n israel\u00ed al puerto comercial de Latakia, destacando que este ataque muestra una vez m\u00e1s el verdadero rostro de la entidad de ocupaci\u00f3n.<\/p>\n<p style=\"text-align: justify;\">Por medio de un comunicado, el ministerio expres\u00f3 su solidaridad con Siria y su pueblo hermano, deseando que recupere su prosperidad.<\/p>\n<p style=\"text-align: justify;\">Cabe se\u00f1alar que \u201cIsrael\u201d perpetr\u00f3 la madrugada de este martes, un ataque con misiles contra el patio de contenedores en el puerto comercial de Latakia.<\/p>\n<p style=\"text-align: justify;\">Una fuente militar inform\u00f3 por medio de un comunicado a nuestra agencia SANA que \u201calrededor de las 3:21 am de este martes, 28 de diciembre de 2021, el enemigo israel\u00ed perpetr\u00f3 una agresi\u00f3n a\u00e9rea con cohetes disparados desde el mar Mediterr\u00e1neo, contra el patio de contenedores en el puerto comercial de Latakia\u201d.<\/p>\n<p style=\"text-align: justify;\">La agresi\u00f3n provoc\u00f3 incendios en el lugar y la ocurrencia de grandes p\u00e9rdidas materiales, y a\u00fan se est\u00e1 trabajando para apagar los incendios y verificar los resultados de la agresi\u00f3n.<\/p>\n<p style=\"text-align: justify;\"><em>mm<\/em><\/p>\n","protected":false},"excerpt":{"rendered":"<p>Beirut, 28 dic (SANA)\u00a0 \u00a0El Ministerio de Relaciones Exteriores y Emigrantes liban\u00e9s conden\u00f3 hoy martes en\u00e9rgicamente la agresi\u00f3n israel\u00ed al puerto comercial de Latakia, destacando que este ataque muestra una vez m\u00e1s el verdadero rostro de la entidad de ocupaci\u00f3n. Por medio de un comunicado, el ministerio expres\u00f3 su solidaridad con Siria y su pueblo &hellip;<\/p>\n","protected":false},"author":36,"featured_media":212361,"comment_status":"closed","ping_status":"closed","sticky":false,"template":"","format":"standard","meta":{"footnotes":""},"categories":[597,467,7541],"tags":[],"class_list":["post-212360","post","type-post","status-publish","format-standard","has-post-thumbnail","","category-cinta-de-noticias","category-siria-y-el-mundo","category-ultimas-noticias"],"_links":{"self":[{"href":"https:\/\/archive.sana.sy\/es\/index.php?rest_route=\/wp\/v2\/posts\/212360"}],"collection":[{"href":"https:\/\/archive.sana.sy\/es\/index.php?rest_route=\/wp\/v2\/posts"}],"about":[{"href":"https:\/\/archive.sana.sy\/es\/index.php?rest_route=\/wp\/v2\/types\/post"}],"author":[{"embeddable":true,"href":"https:\/\/archive.sana.sy\/es\/index.php?rest_route=\/wp\/v2\/users\/36"}],"replies":[{"embeddable":true,"href":"https:\/\/archive.sana.sy\/es\/index.php?rest_route=%2Fwp%2Fv2%2Fcomments&post=212360"}],"version-history":[{"count":0,"href":"https:\/\/archive.sana.sy\/es\/index.php?rest_route=\/wp\/v2\/posts\/212360\/revisions"}],"wp:featuredmedia":[{"embeddable":true,"href":"https:\/\/archive.sana.sy\/es\/index.php?rest_route=\/wp\/v2\/media\/212361"}],"wp:attachment":[{"href":"https:\/\/archive.sana.sy\/es\/index.php?rest_route=%2Fwp%2Fv2%2Fmedia&parent=212360"}],"wp:term":[{"taxonomy":"category","embeddable":true,"href":"https:\/\/archive.sana.sy\/es\/index.php?rest_route=%2Fwp%2Fv2%2Fcategories&post=212360"},{"taxonomy":"post_tag","embeddable":true,"href":"https:\/\/archive.sana.sy\/es\/index.php?rest_route=%2Fwp%2Fv2%2Ftags&post=212360"}],"curies":[{"name":"wp","href":"https:\/\/api.w.org\/{rel}","templated":true}]}}