{"id":212397,"date":"2021-12-29T06:17:01","date_gmt":"2021-12-29T04:17:01","guid":{"rendered":"http:\/\/107.6.182.27\/es\/?p=212397"},"modified":"2023-01-10T14:22:00","modified_gmt":"2023-01-10T12:22:00","slug":"parlamento-de-siria-condena-nuevos-planes-coloniales-de-israel-en-el-golan-sirio-ocupado","status":"publish","type":"post","link":"https:\/\/archive.sana.sy\/es\/?p=212397","title":{"rendered":"Parlamento de Siria condena nuevos planes coloniales de \u201cIsrael\u201d en el Gol\u00e1n sirio ocupado"},"content":{"rendered":"<p style=\"text-align: justify;\"><span style=\"color: #800000;\"><strong>Damasco, 29 dic (SANA)<\/strong><\/span>\u00a0\u00a0 La Asamblea del Pueblo (parlamento) conden\u00f3 los nuevos planes colonialistas de \u201cIsrael\u201d en el Gol\u00e1n sirio ocupado y consider\u00f3 que los mismos constituyen una flagrante violaci\u00f3n de las resoluciones internacionales.<\/p>\n<p style=\"text-align: justify;\">\u201cCondenamos en los t\u00e9rminos m\u00e1s en\u00e9rgicos el plan sionista de construir m\u00e1s asentamientos, infraestructuras y otros proyectos durante los pr\u00f3ximos cinco a\u00f1os, a trav\u00e9s de los cuales pretenden atraer nuevos grupos de colonos sionistas y duplicar su n\u00famero en el Gol\u00e1n sirio ocupado&#8221;, afirm\u00f3 el parlamento por medio de un comunicado emitido hoy.<\/p>\n<p style=\"text-align: justify;\">Asegur\u00f3 que estas acciones y pr\u00e1cticas sionistas contra la poblaci\u00f3n siria en el Gol\u00e1n constituyen intentos desesperados para cambiar su estructura demogr\u00e1fica y geogr\u00e1fica, en una flagrante y clara violaci\u00f3n del derecho internacional y las resoluciones internacionales, especialmente la Resoluci\u00f3n No. 497 de 1981 que consider\u00f3 nulas y sin efecto legal a las medidas del gobierno de ocupaci\u00f3n al imponer sus leyes, jurisdicci\u00f3n y administraci\u00f3n en el Gol\u00e1n \u00e1rabe sirio ocupado.<\/p>\n<p style=\"text-align: justify;\">El Legislativo expres\u00f3 su en\u00e9rgico rechazo y denuncia a estas medidas criminales y subray\u00f3 que cada grano de tierra del Gol\u00e1n ser\u00e1 devuelto a Siria.<\/p>\n<p style=\"text-align: justify;\">fm<\/p>\n","protected":false},"excerpt":{"rendered":"<p>Damasco, 29 dic (SANA)\u00a0\u00a0 La Asamblea del Pueblo (parlamento) conden\u00f3 los nuevos planes colonialistas de \u201cIsrael\u201d en el Gol\u00e1n sirio ocupado y consider\u00f3 que los mismos constituyen una flagrante violaci\u00f3n de las resoluciones internacionales. \u201cCondenamos en los t\u00e9rminos m\u00e1s en\u00e9rgicos el plan sionista de construir m\u00e1s asentamientos, infraestructuras y otros proyectos durante los pr\u00f3ximos cinco &hellip;<\/p>\n","protected":false},"author":34,"featured_media":212398,"comment_status":"closed","ping_status":"closed","sticky":false,"template":"","format":"standard","meta":{"footnotes":""},"categories":[477,447,597,476,7541],"tags":[],"class_list":["post-212397","post","type-post","status-publish","format-standard","has-post-thumbnail","","category-noticias-edulcorantes","category-local-politica","category-cinta-de-noticias","category-locales","category-ultimas-noticias"],"_links":{"self":[{"href":"https:\/\/archive.sana.sy\/es\/index.php?rest_route=\/wp\/v2\/posts\/212397"}],"collection":[{"href":"https:\/\/archive.sana.sy\/es\/index.php?rest_route=\/wp\/v2\/posts"}],"about":[{"href":"https:\/\/archive.sana.sy\/es\/index.php?rest_route=\/wp\/v2\/types\/post"}],"author":[{"embeddable":true,"href":"https:\/\/archive.sana.sy\/es\/index.php?rest_route=\/wp\/v2\/users\/34"}],"replies":[{"embeddable":true,"href":"https:\/\/archive.sana.sy\/es\/index.php?rest_route=%2Fwp%2Fv2%2Fcomments&post=212397"}],"version-history":[{"count":0,"href":"https:\/\/archive.sana.sy\/es\/index.php?rest_route=\/wp\/v2\/posts\/212397\/revisions"}],"wp:featuredmedia":[{"embeddable":true,"href":"https:\/\/archive.sana.sy\/es\/index.php?rest_route=\/wp\/v2\/media\/212398"}],"wp:attachment":[{"href":"https:\/\/archive.sana.sy\/es\/index.php?rest_route=%2Fwp%2Fv2%2Fmedia&parent=212397"}],"wp:term":[{"taxonomy":"category","embeddable":true,"href":"https:\/\/archive.sana.sy\/es\/index.php?rest_route=%2Fwp%2Fv2%2Fcategories&post=212397"},{"taxonomy":"post_tag","embeddable":true,"href":"https:\/\/archive.sana.sy\/es\/index.php?rest_route=%2Fwp%2Fv2%2Ftags&post=212397"}],"curies":[{"name":"wp","href":"https:\/\/api.w.org\/{rel}","templated":true}]}}