{"id":212482,"date":"2021-12-29T18:53:44","date_gmt":"2021-12-29T16:53:44","guid":{"rendered":"http:\/\/107.6.182.27\/es\/?p=212482"},"modified":"2023-01-10T14:21:58","modified_gmt":"2023-01-10T12:21:58","slug":"siria-y-oman-repasan-campos-de-cooperacion-en-materia-mediatica-y-comunicacional","status":"publish","type":"post","link":"https:\/\/archive.sana.sy\/es\/?p=212482","title":{"rendered":"Siria y Om\u00e1n repasan campos de cooperaci\u00f3n en materia medi\u00e1tica y comunicacional"},"content":{"rendered":"<p style=\"text-align: justify;\"><span style=\"color: #800000;\"><strong>Damasco, 29 dic (SANA)<\/strong><\/span>\u00a0\u00a0 El ministro sirio de Informaci\u00f3n, Boutros al-Hallaq, examin\u00f3 hoy con su hom\u00f3logo oman\u00ed, Abdullah bin Nasser Al-Harassi, las formas de impulsar la cooperaci\u00f3n medi\u00e1tica entre los dos pa\u00edses.<\/p>\n<p style=\"text-align: justify;\">Las conversaciones sostenidas por teleconferencia se centraron en las v\u00edas de mejorar la cooperaci\u00f3n en las \u00e1reas del intercambio de noticias, la formaci\u00f3n de periodistas, la producci\u00f3n conjunta de telenovelas, adem\u00e1s de la colaboraci\u00f3n t\u00e9cnica y t\u00e9cnica.<\/p>\n<p style=\"text-align: justify;\">Los dos ministros trataron tambi\u00e9n la firma de acuerdos entre las instituciones medi\u00e1ticas sirias y sus contrapartes en Om\u00e1n, y el intercambio de visitas de delegaciones.<\/p>\n<p style=\"text-align: justify;\">Destacaron las profundas relaciones bilaterales e hist\u00f3ricas entre los dos pa\u00edses y la necesidad de una coordinaci\u00f3n conjunta para enfrentar las noticias falsas y las campa\u00f1as medi\u00e1ticas que tergiversan los hechos y revierten los conceptos.<\/p>\n<p style=\"text-align: justify;\">Cabe se\u00f1alar que la Agencia de Noticias \u00c1rabe Siria, SANA y la Agencia de Noticias de Om\u00e1n firmaron en 2007 un memorando de entendimiento para la cooperaci\u00f3n en materia de noticias y en el campo de la capacitaci\u00f3n y el intercambio de delegaciones de medios.<\/p>\n<p style=\"text-align: justify;\">fm<\/p>\n","protected":false},"excerpt":{"rendered":"<p>Damasco, 29 dic (SANA)\u00a0\u00a0 El ministro sirio de Informaci\u00f3n, Boutros al-Hallaq, examin\u00f3 hoy con su hom\u00f3logo oman\u00ed, Abdullah bin Nasser Al-Harassi, las formas de impulsar la cooperaci\u00f3n medi\u00e1tica entre los dos pa\u00edses. Las conversaciones sostenidas por teleconferencia se centraron en las v\u00edas de mejorar la cooperaci\u00f3n en las \u00e1reas del intercambio de noticias, la formaci\u00f3n &hellip;<\/p>\n","protected":false},"author":34,"featured_media":212483,"comment_status":"closed","ping_status":"closed","sticky":false,"template":"","format":"standard","meta":{"footnotes":""},"categories":[447,477,597,476,457,467,7541],"tags":[],"class_list":["post-212482","post","type-post","status-publish","format-standard","has-post-thumbnail","","category-local-politica","category-noticias-edulcorantes","category-cinta-de-noticias","category-locales","category-noticias-arabe-internacional-politica","category-siria-y-el-mundo","category-ultimas-noticias"],"_links":{"self":[{"href":"https:\/\/archive.sana.sy\/es\/index.php?rest_route=\/wp\/v2\/posts\/212482"}],"collection":[{"href":"https:\/\/archive.sana.sy\/es\/index.php?rest_route=\/wp\/v2\/posts"}],"about":[{"href":"https:\/\/archive.sana.sy\/es\/index.php?rest_route=\/wp\/v2\/types\/post"}],"author":[{"embeddable":true,"href":"https:\/\/archive.sana.sy\/es\/index.php?rest_route=\/wp\/v2\/users\/34"}],"replies":[{"embeddable":true,"href":"https:\/\/archive.sana.sy\/es\/index.php?rest_route=%2Fwp%2Fv2%2Fcomments&post=212482"}],"version-history":[{"count":0,"href":"https:\/\/archive.sana.sy\/es\/index.php?rest_route=\/wp\/v2\/posts\/212482\/revisions"}],"wp:featuredmedia":[{"embeddable":true,"href":"https:\/\/archive.sana.sy\/es\/index.php?rest_route=\/wp\/v2\/media\/212483"}],"wp:attachment":[{"href":"https:\/\/archive.sana.sy\/es\/index.php?rest_route=%2Fwp%2Fv2%2Fmedia&parent=212482"}],"wp:term":[{"taxonomy":"category","embeddable":true,"href":"https:\/\/archive.sana.sy\/es\/index.php?rest_route=%2Fwp%2Fv2%2Fcategories&post=212482"},{"taxonomy":"post_tag","embeddable":true,"href":"https:\/\/archive.sana.sy\/es\/index.php?rest_route=%2Fwp%2Fv2%2Ftags&post=212482"}],"curies":[{"name":"wp","href":"https:\/\/api.w.org\/{rel}","templated":true}]}}