{"id":212501,"date":"2021-12-29T21:08:28","date_gmt":"2021-12-29T19:08:28","guid":{"rendered":"http:\/\/107.6.182.27\/es\/?p=212501"},"modified":"2023-01-09T14:04:30","modified_gmt":"2023-01-09T12:04:30","slug":"gabinete-aprueba-financiacion-de-14-proyectos-de-servicio-en-deir-ezzor","status":"publish","type":"post","link":"https:\/\/archive.sana.sy\/es\/?p=212501","title":{"rendered":"Gabinete aprueba financiaci\u00f3n de 14 proyectos de servicio en Deir Ezzor"},"content":{"rendered":"<p style=\"text-align: justify;\"><strong><span style=\"color: #800000;\">Deir Ezzor, 29 dic (SANA)\u00a0 \u00a0<\/span><\/strong>El Primer Ministro, Hussein Arnous, aprob\u00f3 este mi\u00e9rcoles la recomendaci\u00f3n del Comit\u00e9 Econ\u00f3mico de financiar 14 proyectos de desarrollo y servicios en la gobernaci\u00f3n de Deir Ezzor.<\/p>\n<p style=\"text-align: justify;\">Los proyectos incluyen el mantenimiento de 20 escuelas, la rehabilitaci\u00f3n del edificio del Ayuntamiento, completar las obras y equipamiento del Palacio de Justicia, la rehabilitaci\u00f3n de 20 tiendas de comercio en el centro de la ciudad de Al-Bukamal, la compra de equipos para el centro cultural en la gobernaci\u00f3n y el proyecto de rehabilitaci\u00f3n de la calle Poor Said.<\/p>\n<p style=\"text-align: justify;\">Los proyectos tambi\u00e9n incluyen crear una fuente de agua natural para la Secretar\u00eda General de la Gobernaci\u00f3n, y asegurar una serie de generadores con diferentes capacidades para las panader\u00edas, el Departamento de Agua y la Compa\u00f1\u00eda de Electricidad en la urbe.<\/p>\n<p><em>mm<\/em><\/p>\n","protected":false},"excerpt":{"rendered":"<p>Deir Ezzor, 29 dic (SANA)\u00a0 \u00a0El Primer Ministro, Hussein Arnous, aprob\u00f3 este mi\u00e9rcoles la recomendaci\u00f3n del Comit\u00e9 Econ\u00f3mico de financiar 14 proyectos de desarrollo y servicios en la gobernaci\u00f3n de Deir Ezzor. Los proyectos incluyen el mantenimiento de 20 escuelas, la rehabilitaci\u00f3n del edificio del Ayuntamiento, completar las obras y equipamiento del Palacio de Justicia, &hellip;<\/p>\n","protected":false},"author":36,"featured_media":212502,"comment_status":"closed","ping_status":"closed","sticky":false,"template":"","format":"standard","meta":{"footnotes":""},"categories":[597,476],"tags":[],"class_list":["post-212501","post","type-post","status-publish","format-standard","has-post-thumbnail","","category-cinta-de-noticias","category-locales"],"_links":{"self":[{"href":"https:\/\/archive.sana.sy\/es\/index.php?rest_route=\/wp\/v2\/posts\/212501"}],"collection":[{"href":"https:\/\/archive.sana.sy\/es\/index.php?rest_route=\/wp\/v2\/posts"}],"about":[{"href":"https:\/\/archive.sana.sy\/es\/index.php?rest_route=\/wp\/v2\/types\/post"}],"author":[{"embeddable":true,"href":"https:\/\/archive.sana.sy\/es\/index.php?rest_route=\/wp\/v2\/users\/36"}],"replies":[{"embeddable":true,"href":"https:\/\/archive.sana.sy\/es\/index.php?rest_route=%2Fwp%2Fv2%2Fcomments&post=212501"}],"version-history":[{"count":0,"href":"https:\/\/archive.sana.sy\/es\/index.php?rest_route=\/wp\/v2\/posts\/212501\/revisions"}],"wp:featuredmedia":[{"embeddable":true,"href":"https:\/\/archive.sana.sy\/es\/index.php?rest_route=\/wp\/v2\/media\/212502"}],"wp:attachment":[{"href":"https:\/\/archive.sana.sy\/es\/index.php?rest_route=%2Fwp%2Fv2%2Fmedia&parent=212501"}],"wp:term":[{"taxonomy":"category","embeddable":true,"href":"https:\/\/archive.sana.sy\/es\/index.php?rest_route=%2Fwp%2Fv2%2Fcategories&post=212501"},{"taxonomy":"post_tag","embeddable":true,"href":"https:\/\/archive.sana.sy\/es\/index.php?rest_route=%2Fwp%2Fv2%2Ftags&post=212501"}],"curies":[{"name":"wp","href":"https:\/\/api.w.org\/{rel}","templated":true}]}}