{"id":212524,"date":"2022-01-02T17:44:15","date_gmt":"2022-01-02T15:44:15","guid":{"rendered":"http:\/\/107.6.182.27\/es\/?p=212524"},"modified":"2023-01-10T14:21:49","modified_gmt":"2023-01-10T12:21:49","slug":"la-cultura-siria-brillo-en-2021-a-pesar-de-las-secuelas-de-guerra-y-las-campanas-de-boicot-y-bloqueo","status":"publish","type":"post","link":"https:\/\/archive.sana.sy\/es\/?p=212524","title":{"rendered":"La cultura siria brill\u00f3 en 2021 a pesar de las secuelas de guerra y las campa\u00f1as de boicot y bloqueo"},"content":{"rendered":"<p style=\"text-align: justify;\"><span style=\"color: #800000;\"><strong>Damasco, 02 ene (SANA)\u00a0\u00a0<\/strong><\/span> La cultura siria pudo en 2021 superar las secuelas de la guerra terrorista, las campa\u00f1as de boicot y bloqueo, y las medidas coercitivas econ\u00f3micas unilaterales, y demostr\u00f3 su dinamismo durante diez a\u00f1os; y en el actual a\u00f1o renaci\u00f3 de nuevo y fortific\u00f3 su presencia a nivel nacional e internacional.<\/p>\n<p style=\"text-align: justify;\">La cultura siria se benefici\u00f3 de la recuperaci\u00f3n de la seguridad en muchas provincias, y a pesar de las campa\u00f1as de asedio y boicot, gan\u00f3 muchos premios y estuvo presente en importantes eventos internacionales, sea a nivel de individuos o instituciones y en los campos de la literatura, el teatro, el cine, la composici\u00f3n, ferias del libro e iniciativas humanitarias.<\/p>\n<p style=\"text-align: justify;\">Los eventos tristes que atestigu\u00f3 la cultura siria este a\u00f1o fue la partida f\u00edsica de muchas personalidades creativas sirias en el campo de las canciones, el teatro, la composici\u00f3n, la poes\u00eda y la cr\u00edtica, pero se mantiene la esperanza en las nuevas generaciones en Siria.<\/p>\n<p style=\"text-align: justify;\"><strong>A continuaci\u00f3n, los eventos m\u00e1s importantes durante 2021:<\/strong><\/p>\n<p style=\"text-align: justify;\">&#8211; Rehabilitaci\u00f3n y reconstrucci\u00f3n del hist\u00f3rico y antiguo Ba\u00f1o \u201cAl-Hadid\u201d en el antiguo Alepo.<\/p>\n<p style=\"text-align: justify;\">&#8211; M\u00e1s de 252 artistas de 53 pa\u00edses participaron en la primera exposici\u00f3n internacional de caricaturas en la Uni\u00f3n de\u00a0 Escritores \u00c1rabes.<\/p>\n<p style=\"text-align: justify;\">&#8211; Ministerio de Cultura pone en marcha el Proyecto de Incubadora Musical para apoyar a los m\u00fasicos.<\/p>\n<p style=\"text-align: justify;\">&#8211; \u201cFotograf\u00eda\u201d gana el premio del mejor cortometraje integrado en el Festival Internacional de Sousa en Marruecos.<\/p>\n<p style=\"text-align: justify;\">&#8211; Lanzan el primer concurso nacional para j\u00f3venes de la\u00fad, viol\u00edn y otros instrumentos.<\/p>\n<p style=\"text-align: justify;\">&#8211; El coral Urjuan obtiene el primer lugar en el Festival Internacional de Arte de Bulgaria.<\/p>\n<p style=\"text-align: justify;\">&#8211; Departamento de Antig\u00fcedades y Museos completa restauraci\u00f3n de cinco iconos de importancia hist\u00f3rica y cultural.<\/p>\n<p style=\"text-align: justify;\">&#8211; Cinco ni\u00f1os sirios ganaron los primeros lugares en un concurso literario en Kuwait.<\/p>\n<p style=\"text-align: justify;\">&#8211; Una pel\u00edcula siria gana el premio al mejor montaje en un festival en Brasil.<\/p>\n<p style=\"text-align: justify;\">&#8211; Lanzamiento de un proyecto para documentar el patrimonio cultural intangible sirio en Tartous.<\/p>\n<p style=\"text-align: justify;\">&#8211; El cine sirio gana tres premios en el Festival de Alejandr\u00eda.<\/p>\n<p style=\"text-align: justify;\">&#8211; La estatua aramea de Ain al-Tal vuelve al Museo Nacional de Alepo.<\/p>\n<p style=\"text-align: justify;\">&#8211; Antig\u00fcedades y Museos est\u00e1 llevando a cabo la restauraci\u00f3n de hallazgos arqueol\u00f3gicos de distintas \u00e9pocas.<\/p>\n<p style=\"text-align: justify;\">&#8211; Inauguraci\u00f3n de la Feria del Libro de Siria titulada (\u201cNuestro libro es nuestro ma\u00f1ana) en la Biblioteca Nacional Al-Assad, con la participaci\u00f3n de 48 editoriales.<\/p>\n<p style=\"text-align: justify;\">&#8211; La Unesco incluy\u00f3 al Qudud Halabiya (los cantos tradicionales de Alepo) en la lista del patrimonio de la humanidad.<\/p>\n<p style=\"text-align: justify;\">fm\/ed<\/p>\n","protected":false},"excerpt":{"rendered":"<p>Damasco, 02 ene (SANA)\u00a0\u00a0 La cultura siria pudo en 2021 superar las secuelas de la guerra terrorista, las campa\u00f1as de boicot y bloqueo, y las medidas coercitivas econ\u00f3micas unilaterales, y demostr\u00f3 su dinamismo durante diez a\u00f1os; y en el actual a\u00f1o renaci\u00f3 de nuevo y fortific\u00f3 su presencia a nivel nacional e internacional. La cultura &hellip;<\/p>\n","protected":false},"author":32,"featured_media":212876,"comment_status":"closed","ping_status":"closed","sticky":false,"template":"","format":"standard","meta":{"footnotes":""},"categories":[477,447,597,510,476,583],"tags":[20573,6553],"class_list":["post-212524","post","type-post","status-publish","format-standard","has-post-thumbnail","","category-noticias-edulcorantes","category-local-politica","category-cinta-de-noticias","category-arte-y-cultura","category-locales","category-slide","tag-brasil","tag-siria"],"_links":{"self":[{"href":"https:\/\/archive.sana.sy\/es\/index.php?rest_route=\/wp\/v2\/posts\/212524"}],"collection":[{"href":"https:\/\/archive.sana.sy\/es\/index.php?rest_route=\/wp\/v2\/posts"}],"about":[{"href":"https:\/\/archive.sana.sy\/es\/index.php?rest_route=\/wp\/v2\/types\/post"}],"author":[{"embeddable":true,"href":"https:\/\/archive.sana.sy\/es\/index.php?rest_route=\/wp\/v2\/users\/32"}],"replies":[{"embeddable":true,"href":"https:\/\/archive.sana.sy\/es\/index.php?rest_route=%2Fwp%2Fv2%2Fcomments&post=212524"}],"version-history":[{"count":0,"href":"https:\/\/archive.sana.sy\/es\/index.php?rest_route=\/wp\/v2\/posts\/212524\/revisions"}],"wp:featuredmedia":[{"embeddable":true,"href":"https:\/\/archive.sana.sy\/es\/index.php?rest_route=\/wp\/v2\/media\/212876"}],"wp:attachment":[{"href":"https:\/\/archive.sana.sy\/es\/index.php?rest_route=%2Fwp%2Fv2%2Fmedia&parent=212524"}],"wp:term":[{"taxonomy":"category","embeddable":true,"href":"https:\/\/archive.sana.sy\/es\/index.php?rest_route=%2Fwp%2Fv2%2Fcategories&post=212524"},{"taxonomy":"post_tag","embeddable":true,"href":"https:\/\/archive.sana.sy\/es\/index.php?rest_route=%2Fwp%2Fv2%2Ftags&post=212524"}],"curies":[{"name":"wp","href":"https:\/\/api.w.org\/{rel}","templated":true}]}}