{"id":212882,"date":"2022-01-02T20:30:39","date_gmt":"2022-01-02T18:30:39","guid":{"rendered":"http:\/\/107.6.182.27\/es\/?p=212882"},"modified":"2023-04-27T15:05:57","modified_gmt":"2023-04-27T12:05:57","slug":"artista-plastica-siria-gana-plateada-en-exposicion-en-paris","status":"publish","type":"post","link":"https:\/\/archive.sana.sy\/es\/?p=212882","title":{"rendered":"Artista pl\u00e1stica siria gana plateada en exposici\u00f3n en Par\u00eds"},"content":{"rendered":"<p style=\"text-align: justify;\"><strong><span style=\"color: #800000;\">Ottawa, 02 ene (SANA)\u00a0 \u00a0<\/span><\/strong>La artista pl\u00e1stica siria expatriada en Canad\u00e1, Randa Hijazi, logr\u00f3 una medalla de plata en una exposici\u00f3n art\u00edstica celebrada en la capital francesa, Par\u00eds.<\/p>\n<p style=\"text-align: justify;\">El evento tuvo lugar en el Sal\u00f3n Real de la Iglesia de Santa Madeleine en Par\u00eds, y cont\u00f3 con la participaci\u00f3n de 65 artistas que exhibieron 90 obras de arte, incluidas pinturas y esculturas.<\/p>\n<p style=\"text-align: justify;\">Hijazi conquist\u00f3 la plateada por una pintura de estilo surrealista que refleja las limitaciones que dificultan el desarrollo de la mujer.<\/p>\n<p style=\"text-align: justify;\">Hace dos a\u00f1os, la artista fue inscrita en el Departamento de Artistas y Escultores de Quebec, Canad\u00e1, convirti\u00e9ndose en la primera siria en este ente.<\/p>\n<p style=\"text-align: justify;\">En 2020, Hijazi gan\u00f3 un concurso para elegir el dise\u00f1o de un monumento perteneciente a la Asociaci\u00f3n Internacional de Clubes de Leones, que se coloc\u00f3 luego en una de las plazas p\u00fablicas de Canad\u00e1.<\/p>\n<p style=\"text-align: justify;\">rr\/fm<\/p>\n","protected":false},"excerpt":{"rendered":"<p>Ottawa, 02 ene (SANA)\u00a0 \u00a0La artista pl\u00e1stica siria expatriada en Canad\u00e1, Randa Hijazi, logr\u00f3 una medalla de plata en una exposici\u00f3n art\u00edstica celebrada en la capital francesa, Par\u00eds. El evento tuvo lugar en el Sal\u00f3n Real de la Iglesia de Santa Madeleine en Par\u00eds, y cont\u00f3 con la participaci\u00f3n de 65 artistas que exhibieron 90 &hellip;<\/p>\n","protected":false},"author":31,"featured_media":212883,"comment_status":"closed","ping_status":"closed","sticky":false,"template":"","format":"standard","meta":{"footnotes":""},"categories":[597,510,19549,467,7541],"tags":[],"class_list":["post-212882","post","type-post","status-publish","format-standard","has-post-thumbnail","","category-cinta-de-noticias","category-arte-y-cultura","category-ellas","category-siria-y-el-mundo","category-ultimas-noticias"],"_links":{"self":[{"href":"https:\/\/archive.sana.sy\/es\/index.php?rest_route=\/wp\/v2\/posts\/212882"}],"collection":[{"href":"https:\/\/archive.sana.sy\/es\/index.php?rest_route=\/wp\/v2\/posts"}],"about":[{"href":"https:\/\/archive.sana.sy\/es\/index.php?rest_route=\/wp\/v2\/types\/post"}],"author":[{"embeddable":true,"href":"https:\/\/archive.sana.sy\/es\/index.php?rest_route=\/wp\/v2\/users\/31"}],"replies":[{"embeddable":true,"href":"https:\/\/archive.sana.sy\/es\/index.php?rest_route=%2Fwp%2Fv2%2Fcomments&post=212882"}],"version-history":[{"count":1,"href":"https:\/\/archive.sana.sy\/es\/index.php?rest_route=\/wp\/v2\/posts\/212882\/revisions"}],"predecessor-version":[{"id":295326,"href":"https:\/\/archive.sana.sy\/es\/index.php?rest_route=\/wp\/v2\/posts\/212882\/revisions\/295326"}],"wp:featuredmedia":[{"embeddable":true,"href":"https:\/\/archive.sana.sy\/es\/index.php?rest_route=\/wp\/v2\/media\/212883"}],"wp:attachment":[{"href":"https:\/\/archive.sana.sy\/es\/index.php?rest_route=%2Fwp%2Fv2%2Fmedia&parent=212882"}],"wp:term":[{"taxonomy":"category","embeddable":true,"href":"https:\/\/archive.sana.sy\/es\/index.php?rest_route=%2Fwp%2Fv2%2Fcategories&post=212882"},{"taxonomy":"post_tag","embeddable":true,"href":"https:\/\/archive.sana.sy\/es\/index.php?rest_route=%2Fwp%2Fv2%2Ftags&post=212882"}],"curies":[{"name":"wp","href":"https:\/\/api.w.org\/{rel}","templated":true}]}}