{"id":213075,"date":"2022-01-04T18:58:26","date_gmt":"2022-01-04T16:58:26","guid":{"rendered":"http:\/\/107.6.182.27\/es\/?p=213075"},"modified":"2023-01-10T14:21:47","modified_gmt":"2023-01-10T12:21:47","slug":"cuales-son-las-prioridades-del-gobierno-en-el-ano-2022","status":"publish","type":"post","link":"https:\/\/archive.sana.sy\/es\/?p=213075","title":{"rendered":"\u00bfCu\u00e1les son las prioridades del Gobierno en el a\u00f1o 2022?"},"content":{"rendered":"<p style=\"text-align: justify\"><strong><span style=\"color: #800000\">Damasco, 04 ene (SANA)<\/span><\/strong> La sesi\u00f3n del Gabinete de este martes se centr\u00f3 en fijar las prioridades del trabajo durante el a\u00f1o 2022.<\/p>\n<p style=\"text-align: justify\">El Consejo de Ministros hizo \u00e9nfasis en la necesidad de mejorar la realidad del sector de energ\u00eda, poner en operatividad nuevos proyectos de generaci\u00f3n el\u00e9ctrica, continuar con el suministro de los derivados del petr\u00f3leo, e intensificar los trabajos de perforaci\u00f3n con el fin de poner en servicio a nuevos pozos petroleros.<\/p>\n<p style=\"text-align: justify\">Subray\u00f3 la importancia de consolidar el proceso de inversi\u00f3n, mejorar la asociaci\u00f3n con el sector privado para rehabilitar las empresas destruidas y aumentar la capacidad productiva de las f\u00e1bricas.<\/p>\n<p style=\"text-align: justify\">Instruy\u00f3 completar el mapa nacional de viviendas, incrementar la producci\u00f3n agr\u00edcola e industrial, finalizar el proyecto de transformaci\u00f3n digital de los servicios gubernamentales, e poner en servicio el tercer operador de telefon\u00eda m\u00f3vil.<\/p>\n<p style=\"text-align: justify\">Entre las prioridades del Gobierno del a\u00f1o actual, se destaca la estrategia nacional para proyectos medianos y peque\u00f1os, y el desarrollo de mecanismos de admisi\u00f3n universitaria.<\/p>\n<p style=\"text-align: justify\">El Gabinete decidi\u00f3 tambi\u00e9n llevar a cabo una serie de nuevos proyectos de riego, aumentar la superficie sembrada con cultivos estrat\u00e9gicos, y tomar medidas para mejorar los servicios de los medios de transporte p\u00fablico.<\/p>\n<p style=\"text-align: justify\">La consolidaci\u00f3n de la flota de transporte a\u00e9reo, el apoyo a los sectores farmac\u00e9uticos y m\u00e9dicos, y la finalizaci\u00f3n del proyecto de pasaporte electr\u00f3nico tambi\u00e9n encabezan tambi\u00e9n la lista de prioridades gubernamentales.<\/p>\n<p style=\"text-align: justify\">la<\/p>\n","protected":false},"excerpt":{"rendered":"<p>Damasco, 04 ene (SANA) La sesi\u00f3n del Gabinete de este martes se centr\u00f3 en fijar las prioridades del trabajo durante el a\u00f1o 2022. El Consejo de Ministros hizo \u00e9nfasis en la necesidad de mejorar la realidad del sector de energ\u00eda, poner en operatividad nuevos proyectos de generaci\u00f3n el\u00e9ctrica, continuar con el suministro de los derivados &hellip;<\/p>\n","protected":false},"author":24,"featured_media":213118,"comment_status":"closed","ping_status":"closed","sticky":false,"template":"","format":"standard","meta":{"footnotes":""},"categories":[447,597,476,583],"tags":[],"class_list":["post-213075","post","type-post","status-publish","format-standard","has-post-thumbnail","","category-local-politica","category-cinta-de-noticias","category-locales","category-slide"],"_links":{"self":[{"href":"https:\/\/archive.sana.sy\/es\/index.php?rest_route=\/wp\/v2\/posts\/213075"}],"collection":[{"href":"https:\/\/archive.sana.sy\/es\/index.php?rest_route=\/wp\/v2\/posts"}],"about":[{"href":"https:\/\/archive.sana.sy\/es\/index.php?rest_route=\/wp\/v2\/types\/post"}],"author":[{"embeddable":true,"href":"https:\/\/archive.sana.sy\/es\/index.php?rest_route=\/wp\/v2\/users\/24"}],"replies":[{"embeddable":true,"href":"https:\/\/archive.sana.sy\/es\/index.php?rest_route=%2Fwp%2Fv2%2Fcomments&post=213075"}],"version-history":[{"count":0,"href":"https:\/\/archive.sana.sy\/es\/index.php?rest_route=\/wp\/v2\/posts\/213075\/revisions"}],"wp:featuredmedia":[{"embeddable":true,"href":"https:\/\/archive.sana.sy\/es\/index.php?rest_route=\/wp\/v2\/media\/213118"}],"wp:attachment":[{"href":"https:\/\/archive.sana.sy\/es\/index.php?rest_route=%2Fwp%2Fv2%2Fmedia&parent=213075"}],"wp:term":[{"taxonomy":"category","embeddable":true,"href":"https:\/\/archive.sana.sy\/es\/index.php?rest_route=%2Fwp%2Fv2%2Fcategories&post=213075"},{"taxonomy":"post_tag","embeddable":true,"href":"https:\/\/archive.sana.sy\/es\/index.php?rest_route=%2Fwp%2Fv2%2Ftags&post=213075"}],"curies":[{"name":"wp","href":"https:\/\/api.w.org\/{rel}","templated":true}]}}