{"id":213092,"date":"2022-01-04T17:50:07","date_gmt":"2022-01-04T15:50:07","guid":{"rendered":"http:\/\/107.6.182.27\/es\/?p=213092"},"modified":"2022-01-04T19:23:41","modified_gmt":"2022-01-04T17:23:41","slug":"reforestacion-de-nuevas-zonas-liberadas-del-terrorismo-en-idlib","status":"publish","type":"post","link":"https:\/\/archive.sana.sy\/es\/?p=213092","title":{"rendered":"Reforestaci\u00f3n de nuevas zonas liberadas del terrorismo en Idlib"},"content":{"rendered":"<p style=\"text-align: justify\"><span style=\"color: #800000\"><strong>Idlib, 04 ene (SANA)<\/strong><\/span>\u00a0 Bajo el lema \u201cEl \u00c1rbol es el Pulm\u00f3n de la Vida\u201d, se lanz\u00f3 hoy una jornada de arborizaci\u00f3n en la zona de Khan Sheikhoun en el campo liberado del terrorismo de la provincia de Idlib.<\/p>\n<p style=\"text-align: justify\">Durante la campa\u00f1a, fueron sembradas 3000 plantas forestales en una superficie de 33 dunums.<\/p>\n<p style=\"text-align: justify\">En este contexto, el director de Agricultura, Muhammad Nour Tako, destac\u00f3 que el sitio donde se llev\u00f3 a cabo la campa\u00f1a era antes tierras verdes que fueron quemadas a manos de los terroristas durante su presencia en la referida \u00e1rea.<\/p>\n<p style=\"text-align: justify\">\u201cLa campa\u00f1a de reforestaci\u00f3n tiene como objetivo restaurar la capa verde al sitio para que regrese un bosque con una variedad de \u00e1rboles\u201d, destac\u00f3.<\/p>\n<p style=\"text-align: justify\">La iniciativa cont\u00f3 con la participaci\u00f3n del gobernador de Idlib, voluntarios j\u00f3venes, y miembros de partidos pol\u00edticos.<\/p>\n<div id='gallery-1' class='gallery galleryid-213092 gallery-columns-1 gallery-size-large'><figure class='gallery-item'>\n\t\t\t<div class='gallery-icon landscape'>\n\t\t\t\t<a href='https:\/\/archive.sana.sy\/es\/wp-content\/uploads\/2022\/01\/photo_2022-01-04_15-58-31-scaled.jpg'><img loading=\"lazy\" decoding=\"async\" width=\"618\" height=\"412\" src=\"https:\/\/archive.sana.sy\/es\/wp-content\/uploads\/2022\/01\/photo_2022-01-04_15-58-31-1024x683.jpg\" class=\"attachment-large size-large\" alt=\"\" srcset=\"https:\/\/archive.sana.sy\/es\/wp-content\/uploads\/2022\/01\/photo_2022-01-04_15-58-31-1024x683.jpg 1024w, https:\/\/archive.sana.sy\/es\/wp-content\/uploads\/2022\/01\/photo_2022-01-04_15-58-31-300x200.jpg 300w, https:\/\/archive.sana.sy\/es\/wp-content\/uploads\/2022\/01\/photo_2022-01-04_15-58-31-150x100.jpg 150w, https:\/\/archive.sana.sy\/es\/wp-content\/uploads\/2022\/01\/photo_2022-01-04_15-58-31-768x512.jpg 768w, https:\/\/archive.sana.sy\/es\/wp-content\/uploads\/2022\/01\/photo_2022-01-04_15-58-31-1536x1025.jpg 1536w, https:\/\/archive.sana.sy\/es\/wp-content\/uploads\/2022\/01\/photo_2022-01-04_15-58-31-2048x1366.jpg 2048w\" sizes=\"(max-width: 618px) 100vw, 618px\" \/><\/a>\n\t\t\t<\/div><\/figure><figure class='gallery-item'>\n\t\t\t<div class='gallery-icon landscape'>\n\t\t\t\t<a href='https:\/\/archive.sana.sy\/es\/wp-content\/uploads\/2022\/01\/photo_2022-01-04_15-59-06-scaled.jpg'><img loading=\"lazy\" decoding=\"async\" width=\"618\" height=\"412\" src=\"https:\/\/archive.sana.sy\/es\/wp-content\/uploads\/2022\/01\/photo_2022-01-04_15-59-06-1024x682.jpg\" class=\"attachment-large size-large\" alt=\"\" srcset=\"https:\/\/archive.sana.sy\/es\/wp-content\/uploads\/2022\/01\/photo_2022-01-04_15-59-06-1024x682.jpg 1024w, https:\/\/archive.sana.sy\/es\/wp-content\/uploads\/2022\/01\/photo_2022-01-04_15-59-06-300x200.jpg 300w, https:\/\/archive.sana.sy\/es\/wp-content\/uploads\/2022\/01\/photo_2022-01-04_15-59-06-150x100.jpg 150w, https:\/\/archive.sana.sy\/es\/wp-content\/uploads\/2022\/01\/photo_2022-01-04_15-59-06-768x512.jpg 768w, https:\/\/archive.sana.sy\/es\/wp-content\/uploads\/2022\/01\/photo_2022-01-04_15-59-06-1536x1024.jpg 1536w, https:\/\/archive.sana.sy\/es\/wp-content\/uploads\/2022\/01\/photo_2022-01-04_15-59-06-2048x1365.jpg 2048w\" sizes=\"(max-width: 618px) 100vw, 618px\" \/><\/a>\n\t\t\t<\/div><\/figure><figure class='gallery-item'>\n\t\t\t<div class='gallery-icon landscape'>\n\t\t\t\t<a href='https:\/\/archive.sana.sy\/es\/wp-content\/uploads\/2022\/01\/photo_2022-01-04_15-59-44-scaled.jpg'><img loading=\"lazy\" decoding=\"async\" width=\"618\" height=\"351\" src=\"https:\/\/archive.sana.sy\/es\/wp-content\/uploads\/2022\/01\/photo_2022-01-04_15-59-44-1024x582.jpg\" class=\"attachment-large size-large\" alt=\"\" srcset=\"https:\/\/archive.sana.sy\/es\/wp-content\/uploads\/2022\/01\/photo_2022-01-04_15-59-44-1024x582.jpg 1024w, https:\/\/archive.sana.sy\/es\/wp-content\/uploads\/2022\/01\/photo_2022-01-04_15-59-44-300x170.jpg 300w, https:\/\/archive.sana.sy\/es\/wp-content\/uploads\/2022\/01\/photo_2022-01-04_15-59-44-150x85.jpg 150w, https:\/\/archive.sana.sy\/es\/wp-content\/uploads\/2022\/01\/photo_2022-01-04_15-59-44-768x436.jpg 768w, https:\/\/archive.sana.sy\/es\/wp-content\/uploads\/2022\/01\/photo_2022-01-04_15-59-44-1536x873.jpg 1536w, https:\/\/archive.sana.sy\/es\/wp-content\/uploads\/2022\/01\/photo_2022-01-04_15-59-44-2048x1164.jpg 2048w\" sizes=\"(max-width: 618px) 100vw, 618px\" \/><\/a>\n\t\t\t<\/div><\/figure>\n\t\t<\/div>\n\n<p style=\"text-align: justify\">la<\/p>\n","protected":false},"excerpt":{"rendered":"<p>Idlib, 04 ene (SANA)\u00a0 Bajo el lema \u201cEl \u00c1rbol es el Pulm\u00f3n de la Vida\u201d, se lanz\u00f3 hoy una jornada de arborizaci\u00f3n en la zona de Khan Sheikhoun en el campo liberado del terrorismo de la provincia de Idlib. Durante la campa\u00f1a, fueron sembradas 3000 plantas forestales en una superficie de 33 dunums. En este &hellip;<\/p>\n","protected":false},"author":24,"featured_media":213093,"comment_status":"closed","ping_status":"closed","sticky":false,"template":"","format":"standard","meta":{"footnotes":""},"categories":[477,597,476,7541],"tags":[],"class_list":["post-213092","post","type-post","status-publish","format-standard","has-post-thumbnail","","category-noticias-edulcorantes","category-cinta-de-noticias","category-locales","category-ultimas-noticias"],"_links":{"self":[{"href":"https:\/\/archive.sana.sy\/es\/index.php?rest_route=\/wp\/v2\/posts\/213092"}],"collection":[{"href":"https:\/\/archive.sana.sy\/es\/index.php?rest_route=\/wp\/v2\/posts"}],"about":[{"href":"https:\/\/archive.sana.sy\/es\/index.php?rest_route=\/wp\/v2\/types\/post"}],"author":[{"embeddable":true,"href":"https:\/\/archive.sana.sy\/es\/index.php?rest_route=\/wp\/v2\/users\/24"}],"replies":[{"embeddable":true,"href":"https:\/\/archive.sana.sy\/es\/index.php?rest_route=%2Fwp%2Fv2%2Fcomments&post=213092"}],"version-history":[{"count":0,"href":"https:\/\/archive.sana.sy\/es\/index.php?rest_route=\/wp\/v2\/posts\/213092\/revisions"}],"wp:featuredmedia":[{"embeddable":true,"href":"https:\/\/archive.sana.sy\/es\/index.php?rest_route=\/wp\/v2\/media\/213093"}],"wp:attachment":[{"href":"https:\/\/archive.sana.sy\/es\/index.php?rest_route=%2Fwp%2Fv2%2Fmedia&parent=213092"}],"wp:term":[{"taxonomy":"category","embeddable":true,"href":"https:\/\/archive.sana.sy\/es\/index.php?rest_route=%2Fwp%2Fv2%2Fcategories&post=213092"},{"taxonomy":"post_tag","embeddable":true,"href":"https:\/\/archive.sana.sy\/es\/index.php?rest_route=%2Fwp%2Fv2%2Ftags&post=213092"}],"curies":[{"name":"wp","href":"https:\/\/api.w.org\/{rel}","templated":true}]}}