{"id":213144,"date":"2022-01-04T20:28:44","date_gmt":"2022-01-04T18:28:44","guid":{"rendered":"http:\/\/107.6.182.27\/es\/?p=213144"},"modified":"2023-01-10T16:39:17","modified_gmt":"2023-01-10T14:39:17","slug":"hisham-abu-hawash-queda-en-libertad-tras-141-dias-de-huelga-de-hambre","status":"publish","type":"post","link":"https:\/\/archive.sana.sy\/es\/?p=213144","title":{"rendered":"Hisham Abu Hawash queda en libertad tras 141 d\u00edas de huelga de hambre"},"content":{"rendered":"<p style=\"text-align: justify\"><strong><span style=\"color: #800000\">Jerusal\u00e9n ocupada, 4 ene (SANA)\u00a0 \u00a0<\/span><\/strong>El prisionero palestino Hisham Abu Hawash puso fin a su huelga de hambre por 141 d\u00edas tras llegar a un acuerdo con las autoridades de la ocupaci\u00f3n israel\u00ed para terminar con su detenci\u00f3n administrativa y ponerlo en libertad el pr\u00f3ximo febrero.<\/p>\n<p style=\"text-align: justify\">El Club de Prisioneros Palestinos anunci\u00f3 hoy en un comunicado que se ha alcanzado un acuerdo que requiere que las autoridades de ocupaci\u00f3n se comprometan a liberar al prisionero Abu Hawash el 26 de febrero pr\u00f3ximo sin ninguna pr\u00f3rroga, seg\u00fan report\u00f3 la agencia de prensa palestina WAFA.<\/p>\n<p style=\"text-align: justify\">Cabe se\u00f1alar que el prisionero Abu Hawash, es de Dura, cerca de Hebr\u00f3n, se encuentra en detenci\u00f3n administrativa desde el 27 de octubre de 2020. Tambi\u00e9n est\u00e1 casado y es padre de cinco hijos.<\/p>\n<p style=\"text-align: justify\">Es de destacar que m\u00e1s de 60 prisioneros palestinos se han declarado en huelga de hambre durante 2021 en protesta contra su detenci\u00f3n administrativa.<\/p>\n<p>&nbsp;<\/p>\n<p><em>mm<\/em><\/p>\n","protected":false},"excerpt":{"rendered":"<p>Jerusal\u00e9n ocupada, 4 ene (SANA)\u00a0 \u00a0El prisionero palestino Hisham Abu Hawash puso fin a su huelga de hambre por 141 d\u00edas tras llegar a un acuerdo con las autoridades de la ocupaci\u00f3n israel\u00ed para terminar con su detenci\u00f3n administrativa y ponerlo en libertad el pr\u00f3ximo febrero. El Club de Prisioneros Palestinos anunci\u00f3 hoy en un &hellip;<\/p>\n","protected":false},"author":36,"featured_media":213145,"comment_status":"closed","ping_status":"closed","sticky":false,"template":"","format":"standard","meta":{"footnotes":""},"categories":[597,456,457,7541],"tags":[],"class_list":["post-213144","post","type-post","status-publish","format-standard","has-post-thumbnail","","category-cinta-de-noticias","category-arabe-internacional-politica","category-noticias-arabe-internacional-politica","category-ultimas-noticias"],"_links":{"self":[{"href":"https:\/\/archive.sana.sy\/es\/index.php?rest_route=\/wp\/v2\/posts\/213144"}],"collection":[{"href":"https:\/\/archive.sana.sy\/es\/index.php?rest_route=\/wp\/v2\/posts"}],"about":[{"href":"https:\/\/archive.sana.sy\/es\/index.php?rest_route=\/wp\/v2\/types\/post"}],"author":[{"embeddable":true,"href":"https:\/\/archive.sana.sy\/es\/index.php?rest_route=\/wp\/v2\/users\/36"}],"replies":[{"embeddable":true,"href":"https:\/\/archive.sana.sy\/es\/index.php?rest_route=%2Fwp%2Fv2%2Fcomments&post=213144"}],"version-history":[{"count":0,"href":"https:\/\/archive.sana.sy\/es\/index.php?rest_route=\/wp\/v2\/posts\/213144\/revisions"}],"wp:featuredmedia":[{"embeddable":true,"href":"https:\/\/archive.sana.sy\/es\/index.php?rest_route=\/wp\/v2\/media\/213145"}],"wp:attachment":[{"href":"https:\/\/archive.sana.sy\/es\/index.php?rest_route=%2Fwp%2Fv2%2Fmedia&parent=213144"}],"wp:term":[{"taxonomy":"category","embeddable":true,"href":"https:\/\/archive.sana.sy\/es\/index.php?rest_route=%2Fwp%2Fv2%2Fcategories&post=213144"},{"taxonomy":"post_tag","embeddable":true,"href":"https:\/\/archive.sana.sy\/es\/index.php?rest_route=%2Fwp%2Fv2%2Ftags&post=213144"}],"curies":[{"name":"wp","href":"https:\/\/api.w.org\/{rel}","templated":true}]}}