{"id":213148,"date":"2022-01-04T20:26:27","date_gmt":"2022-01-04T18:26:27","guid":{"rendered":"http:\/\/107.6.182.27\/es\/?p=213148"},"modified":"2022-01-04T20:26:54","modified_gmt":"2022-01-04T18:26:54","slug":"sucia-juzgara-a-una-mujer-por-enviar-a-su-hijo-menor-de-edad-a-combatir-con-los-terroristas-en-siria","status":"publish","type":"post","link":"https:\/\/archive.sana.sy\/es\/?p=213148","title":{"rendered":"Suecia juzgar\u00e1 a una mujer por enviar a su hijo menor de edad a combatir con los terroristas en Siria"},"content":{"rendered":"<p style=\"text-align: justify\"><span style=\"color: #800000\"><strong>Suecia, 04 ene (SANA)<\/strong><\/span> Estocolmo, 04 ene (SANA) Fiscales suecos anunciaron hoy que el poder judicial tiene la intenci\u00f3n de llevar al juicio a una mujer sueca por cometer &#8220;cr\u00edmenes de guerra&#8221; tras enviar a su hijo al territorio sirio para combatir con las organizaciones terroristas.<\/p>\n<p style=\"text-align: justify\">La agencia \u201cReuters\u201d cit\u00f3 a los fiscales diciendo que la mujer de 49 a\u00f1os ayud\u00f3 a reclutar a su hijo cuando solo ten\u00eda 12 a\u00f1os en las filas de los terroristas en Siria antes de que lo mataran all\u00ed.<\/p>\n<p style=\"text-align: justify\">La imputada, cuyo juicio comenzar\u00e1 el 10 del mes en curso, enfrentar\u00e1 una pena m\u00ednima de prisi\u00f3n de cuatro a\u00f1os.<\/p>\n<p style=\"text-align: justify\">El menor de edad, naci\u00f3 en 2001, y en 2013, se sum\u00f3 a la organizaci\u00f3n terrorista &#8220;DAESH&#8221; en Siria, donde fue asesinado en 2017.<\/p>\n<p style=\"text-align: justify\">Cabe destacar que las autoridades suecas no han publicado ning\u00fan otro detalle que revela la identificaci\u00f3n de la madre o su hijo.<\/p>\n<p style=\"text-align: justify\">la<\/p>\n","protected":false},"excerpt":{"rendered":"<p>Suecia, 04 ene (SANA) Estocolmo, 04 ene (SANA) Fiscales suecos anunciaron hoy que el poder judicial tiene la intenci\u00f3n de llevar al juicio a una mujer sueca por cometer &#8220;cr\u00edmenes de guerra&#8221; tras enviar a su hijo al territorio sirio para combatir con las organizaciones terroristas. La agencia \u201cReuters\u201d cit\u00f3 a los fiscales diciendo que &hellip;<\/p>\n","protected":false},"author":24,"featured_media":213149,"comment_status":"closed","ping_status":"closed","sticky":false,"template":"","format":"standard","meta":{"footnotes":""},"categories":[597,467,7541],"tags":[],"class_list":["post-213148","post","type-post","status-publish","format-standard","has-post-thumbnail","","category-cinta-de-noticias","category-siria-y-el-mundo","category-ultimas-noticias"],"_links":{"self":[{"href":"https:\/\/archive.sana.sy\/es\/index.php?rest_route=\/wp\/v2\/posts\/213148"}],"collection":[{"href":"https:\/\/archive.sana.sy\/es\/index.php?rest_route=\/wp\/v2\/posts"}],"about":[{"href":"https:\/\/archive.sana.sy\/es\/index.php?rest_route=\/wp\/v2\/types\/post"}],"author":[{"embeddable":true,"href":"https:\/\/archive.sana.sy\/es\/index.php?rest_route=\/wp\/v2\/users\/24"}],"replies":[{"embeddable":true,"href":"https:\/\/archive.sana.sy\/es\/index.php?rest_route=%2Fwp%2Fv2%2Fcomments&post=213148"}],"version-history":[{"count":0,"href":"https:\/\/archive.sana.sy\/es\/index.php?rest_route=\/wp\/v2\/posts\/213148\/revisions"}],"wp:featuredmedia":[{"embeddable":true,"href":"https:\/\/archive.sana.sy\/es\/index.php?rest_route=\/wp\/v2\/media\/213149"}],"wp:attachment":[{"href":"https:\/\/archive.sana.sy\/es\/index.php?rest_route=%2Fwp%2Fv2%2Fmedia&parent=213148"}],"wp:term":[{"taxonomy":"category","embeddable":true,"href":"https:\/\/archive.sana.sy\/es\/index.php?rest_route=%2Fwp%2Fv2%2Fcategories&post=213148"},{"taxonomy":"post_tag","embeddable":true,"href":"https:\/\/archive.sana.sy\/es\/index.php?rest_route=%2Fwp%2Fv2%2Ftags&post=213148"}],"curies":[{"name":"wp","href":"https:\/\/api.w.org\/{rel}","templated":true}]}}