{"id":21321,"date":"2015-04-15T16:19:31","date_gmt":"2015-04-15T13:19:31","guid":{"rendered":"http:\/\/www.sana.sy\/es\/?p=21321"},"modified":"2015-04-15T16:25:50","modified_gmt":"2015-04-15T13:25:50","slug":"brouyerdi-afirma-percibir-comprension-del-apoyo-al-gobierno-sirio-en-materia-de-la-lucha-contra-el-terrorismo","status":"publish","type":"post","link":"https:\/\/archive.sana.sy\/es\/?p=21321","title":{"rendered":"Brouyerdi afirma percibir comprensi\u00f3n del apoyo al Gobierno sirio en materia de la lucha contra el terrorismo"},"content":{"rendered":"<p><span style=\"color: #800000\">Mosc\u00fa, SANA<\/span><\/p>\n<p>El presidente de la Comisi\u00f3n de la Seguridad Nacional y Pol\u00edticas Exterior del Consejo de Shura iran\u00ed, Alaaddin Brouyerdi destac\u00f3 la importancia de brindar un inter\u00e9s particular al expediente humanitario en Siria e Yemen para hacer frente a la injusticia y la opresi\u00f3n aplicadas en estos pa\u00edses por parte de fuerzas exteriores.<\/p>\n<p>Al reunirse con el presidente del Partido Democr\u00e1tico Liban\u00e9s, Talal Arsalan en Mosc\u00fa, el alto funcionario iran\u00ed se\u00f1al\u00f3 que los pa\u00edses occidentales se percatan plenamente del peligro de que el terrorismo se vuelva en su contra, aludiendo que \u00e9l pudo percibir durante varias reuniones que hab\u00eda sostenido recientemente, una comprensi\u00f3n del apoyo al Gobierno sirio en materia de la lucha contra el terrorismo.<\/p>\n<p>Por su parte, Arsalan destac\u00f3 la inevitabilidad de obligar a \u201cIsrael\u201d a deshacerse de su arsenal nuclear, calificando de \u201cinaceptable\u201d la continuaci\u00f3n del flujo de terrorista a trav\u00e9s de la frontera de Siria con Turqu\u00eda.<\/p>\n<p>&nbsp;<\/p>\n<p>Lynn A.<\/p>\n","protected":false},"excerpt":{"rendered":"<p>Mosc\u00fa, SANA El presidente de la Comisi\u00f3n de la Seguridad Nacional y Pol\u00edticas Exterior del Consejo de Shura iran\u00ed, Alaaddin Brouyerdi destac\u00f3 la importancia de brindar un inter\u00e9s particular al expediente humanitario en Siria e Yemen para hacer frente a la injusticia y la opresi\u00f3n aplicadas en estos pa\u00edses por parte de fuerzas exteriores. Al &hellip;<\/p>\n","protected":false},"author":24,"featured_media":13066,"comment_status":"closed","ping_status":"closed","sticky":false,"template":"","format":"standard","meta":{"footnotes":""},"categories":[456,457,576],"tags":[4859],"class_list":["post-21321","post","type-post","status-publish","format-standard","has-post-thumbnail","","category-arabe-internacional-politica","category-noticias-arabe-internacional-politica","category-noticias-politicas","tag-brouyerdi-afirma-percibir-comprension-del-apoyo-al-gobierno-sirio-en-materia-de-la-lucha-contra-el-terrorismo"],"_links":{"self":[{"href":"https:\/\/archive.sana.sy\/es\/index.php?rest_route=\/wp\/v2\/posts\/21321"}],"collection":[{"href":"https:\/\/archive.sana.sy\/es\/index.php?rest_route=\/wp\/v2\/posts"}],"about":[{"href":"https:\/\/archive.sana.sy\/es\/index.php?rest_route=\/wp\/v2\/types\/post"}],"author":[{"embeddable":true,"href":"https:\/\/archive.sana.sy\/es\/index.php?rest_route=\/wp\/v2\/users\/24"}],"replies":[{"embeddable":true,"href":"https:\/\/archive.sana.sy\/es\/index.php?rest_route=%2Fwp%2Fv2%2Fcomments&post=21321"}],"version-history":[{"count":0,"href":"https:\/\/archive.sana.sy\/es\/index.php?rest_route=\/wp\/v2\/posts\/21321\/revisions"}],"wp:featuredmedia":[{"embeddable":true,"href":"https:\/\/archive.sana.sy\/es\/index.php?rest_route=\/wp\/v2\/media\/13066"}],"wp:attachment":[{"href":"https:\/\/archive.sana.sy\/es\/index.php?rest_route=%2Fwp%2Fv2%2Fmedia&parent=21321"}],"wp:term":[{"taxonomy":"category","embeddable":true,"href":"https:\/\/archive.sana.sy\/es\/index.php?rest_route=%2Fwp%2Fv2%2Fcategories&post=21321"},{"taxonomy":"post_tag","embeddable":true,"href":"https:\/\/archive.sana.sy\/es\/index.php?rest_route=%2Fwp%2Fv2%2Ftags&post=21321"}],"curies":[{"name":"wp","href":"https:\/\/api.w.org\/{rel}","templated":true}]}}