{"id":213291,"date":"2022-01-06T06:13:26","date_gmt":"2022-01-06T04:13:26","guid":{"rendered":"http:\/\/107.6.182.27\/es\/?p=213291"},"modified":"2023-01-10T16:39:16","modified_gmt":"2023-01-10T14:39:16","slug":"la-otsc-acepta-enviar-fuerzas-de-paz-a-kazajistan","status":"publish","type":"post","link":"https:\/\/archive.sana.sy\/es\/?p=213291","title":{"rendered":"La OTSC acepta enviar fuerzas de paz a Kazajist\u00e1n"},"content":{"rendered":"<p style=\"text-align: justify;\"><span style=\"color: #800000;\"><strong>Erev\u00e1n, 06 ene (SANA)\u00a0<\/strong><\/span>\u00a0 El Consejo de la Organizaci\u00f3n del Tratado de Seguridad Colectiva (OTSC) decidi\u00f3 enviar fuerzas de mantenimiento de la paz a Kazajst\u00e1n en respuesta a la solicitud del presidente kazajo de ayudar a su pa\u00eds para enfrentar\u00a0 las amenazas terroristas.<\/p>\n<p style=\"text-align: justify;\">El sitio web Russia Today cit\u00f3 al primer ministro armenio Nikol Pashinyan diciendo que la decisi\u00f3n de enviar fuerzas de mantenimiento de la paz a Kazajst\u00e1n se produjo en respuesta a la\u00a0 solicitud del presidente kazajo Kassym-Jomart Tokayev, para ayudar a su pa\u00eds a enfrentar los incidentes violentos y bandas terroristas.<\/p>\n<p style=\"text-align: justify;\">El presidente kazajo hab\u00eda pedido a los l\u00edderes de los estados miembros de la OTSC, encabezada por Rusia, que respalden a su pa\u00eds frente a lo que describi\u00f3 como una agresi\u00f3n terrorista por parte de elementos entrenados fuera del pa\u00eds.<\/p>\n<p style=\"text-align: justify;\">fm<\/p>\n","protected":false},"excerpt":{"rendered":"<p>Erev\u00e1n, 06 ene (SANA)\u00a0\u00a0 El Consejo de la Organizaci\u00f3n del Tratado de Seguridad Colectiva (OTSC) decidi\u00f3 enviar fuerzas de mantenimiento de la paz a Kazajst\u00e1n en respuesta a la solicitud del presidente kazajo de ayudar a su pa\u00eds para enfrentar\u00a0 las amenazas terroristas. El sitio web Russia Today cit\u00f3 al primer ministro armenio Nikol Pashinyan &hellip;<\/p>\n","protected":false},"author":34,"featured_media":213292,"comment_status":"closed","ping_status":"closed","sticky":false,"template":"","format":"standard","meta":{"footnotes":""},"categories":[597,456,457,7541],"tags":[],"class_list":["post-213291","post","type-post","status-publish","format-standard","has-post-thumbnail","","category-cinta-de-noticias","category-arabe-internacional-politica","category-noticias-arabe-internacional-politica","category-ultimas-noticias"],"_links":{"self":[{"href":"https:\/\/archive.sana.sy\/es\/index.php?rest_route=\/wp\/v2\/posts\/213291"}],"collection":[{"href":"https:\/\/archive.sana.sy\/es\/index.php?rest_route=\/wp\/v2\/posts"}],"about":[{"href":"https:\/\/archive.sana.sy\/es\/index.php?rest_route=\/wp\/v2\/types\/post"}],"author":[{"embeddable":true,"href":"https:\/\/archive.sana.sy\/es\/index.php?rest_route=\/wp\/v2\/users\/34"}],"replies":[{"embeddable":true,"href":"https:\/\/archive.sana.sy\/es\/index.php?rest_route=%2Fwp%2Fv2%2Fcomments&post=213291"}],"version-history":[{"count":0,"href":"https:\/\/archive.sana.sy\/es\/index.php?rest_route=\/wp\/v2\/posts\/213291\/revisions"}],"wp:featuredmedia":[{"embeddable":true,"href":"https:\/\/archive.sana.sy\/es\/index.php?rest_route=\/wp\/v2\/media\/213292"}],"wp:attachment":[{"href":"https:\/\/archive.sana.sy\/es\/index.php?rest_route=%2Fwp%2Fv2%2Fmedia&parent=213291"}],"wp:term":[{"taxonomy":"category","embeddable":true,"href":"https:\/\/archive.sana.sy\/es\/index.php?rest_route=%2Fwp%2Fv2%2Fcategories&post=213291"},{"taxonomy":"post_tag","embeddable":true,"href":"https:\/\/archive.sana.sy\/es\/index.php?rest_route=%2Fwp%2Fv2%2Ftags&post=213291"}],"curies":[{"name":"wp","href":"https:\/\/api.w.org\/{rel}","templated":true}]}}