{"id":213295,"date":"2022-01-06T06:20:02","date_gmt":"2022-01-06T04:20:02","guid":{"rendered":"http:\/\/107.6.182.27\/es\/?p=213295"},"modified":"2023-01-10T16:39:16","modified_gmt":"2023-01-10T14:39:16","slug":"decenas-de-palestinos-heridos-por-ataques-de-militares-israelies-al-norte-de-hebron","status":"publish","type":"post","link":"https:\/\/archive.sana.sy\/es\/?p=213295","title":{"rendered":"Decenas de palestinos heridos por ataques de militares israel\u00edes al norte de Hebr\u00f3n"},"content":{"rendered":"<p style=\"text-align: justify;\"><span style=\"color: #800000;\"><strong>Jerusal\u00e9n ocupada, 06 ene (SANA)\u00a0\u00a0<\/strong><\/span> Decenas de palestinos resultaron heridos cuando las fuerzas de ocupaci\u00f3n israel\u00edes abrieron fuego contra los palestinos en la ciudad de Beit Amer, al norte de Hebr\u00f3n en Cisjordania.<\/p>\n<p style=\"text-align: justify;\">La agencia de noticias Wafa inform\u00f3 que los militares sionistas dispararon balas reales y botes de gas lacrim\u00f3geno contra palestinos que participaban en una manifestaci\u00f3n de solidaridad con los prisioneros y exig\u00edan la devoluci\u00f3n de los cuerpos de los m\u00e1rtires en poder de la ocupaci\u00f3n.<\/p>\n<p style=\"text-align: justify;\">Agreg\u00f3 que entre los heridos figura un ni\u00f1o y su padre, adem\u00e1s de decenas de casos de asfixia.<\/p>\n<p style=\"text-align: justify;\">fm<\/p>\n","protected":false},"excerpt":{"rendered":"<p>Jerusal\u00e9n ocupada, 06 ene (SANA)\u00a0\u00a0 Decenas de palestinos resultaron heridos cuando las fuerzas de ocupaci\u00f3n israel\u00edes abrieron fuego contra los palestinos en la ciudad de Beit Amer, al norte de Hebr\u00f3n en Cisjordania. La agencia de noticias Wafa inform\u00f3 que los militares sionistas dispararon balas reales y botes de gas lacrim\u00f3geno contra palestinos que participaban &hellip;<\/p>\n","protected":false},"author":34,"featured_media":213296,"comment_status":"closed","ping_status":"closed","sticky":false,"template":"","format":"standard","meta":{"footnotes":""},"categories":[597,456],"tags":[],"class_list":["post-213295","post","type-post","status-publish","format-standard","has-post-thumbnail","","category-cinta-de-noticias","category-arabe-internacional-politica"],"_links":{"self":[{"href":"https:\/\/archive.sana.sy\/es\/index.php?rest_route=\/wp\/v2\/posts\/213295"}],"collection":[{"href":"https:\/\/archive.sana.sy\/es\/index.php?rest_route=\/wp\/v2\/posts"}],"about":[{"href":"https:\/\/archive.sana.sy\/es\/index.php?rest_route=\/wp\/v2\/types\/post"}],"author":[{"embeddable":true,"href":"https:\/\/archive.sana.sy\/es\/index.php?rest_route=\/wp\/v2\/users\/34"}],"replies":[{"embeddable":true,"href":"https:\/\/archive.sana.sy\/es\/index.php?rest_route=%2Fwp%2Fv2%2Fcomments&post=213295"}],"version-history":[{"count":0,"href":"https:\/\/archive.sana.sy\/es\/index.php?rest_route=\/wp\/v2\/posts\/213295\/revisions"}],"wp:featuredmedia":[{"embeddable":true,"href":"https:\/\/archive.sana.sy\/es\/index.php?rest_route=\/wp\/v2\/media\/213296"}],"wp:attachment":[{"href":"https:\/\/archive.sana.sy\/es\/index.php?rest_route=%2Fwp%2Fv2%2Fmedia&parent=213295"}],"wp:term":[{"taxonomy":"category","embeddable":true,"href":"https:\/\/archive.sana.sy\/es\/index.php?rest_route=%2Fwp%2Fv2%2Fcategories&post=213295"},{"taxonomy":"post_tag","embeddable":true,"href":"https:\/\/archive.sana.sy\/es\/index.php?rest_route=%2Fwp%2Fv2%2Ftags&post=213295"}],"curies":[{"name":"wp","href":"https:\/\/api.w.org\/{rel}","templated":true}]}}