{"id":213325,"date":"2022-01-06T11:33:37","date_gmt":"2022-01-06T09:33:37","guid":{"rendered":"http:\/\/107.6.182.27\/es\/?p=213325"},"modified":"2022-01-06T11:33:37","modified_gmt":"2022-01-06T09:33:37","slug":"planes-colonialistas-israelies-en-el-golan-sirio-ocupado-deben-cesar-afirma-parlamentario-eslovaco","status":"publish","type":"post","link":"https:\/\/archive.sana.sy\/es\/?p=213325","title":{"rendered":"Planes colonialistas israel\u00edes en el Gol\u00e1n sirio ocupado deben cesar, afirma parlamentario eslovaco"},"content":{"rendered":"<p><strong><span style=\"color: #800000;\">Bratislava, 05 ene (SANA)<\/span>\u00a0<\/strong> El diputado en el Parlamento eslovaco, Lubuch Blaha, dijo que el anuncio del gobierno israel\u00ed de su intenci\u00f3n de ampliar los asentamientos en el Gol\u00e1n sirio ocupado constituye una violaci\u00f3n del derecho internacional.<\/p>\n<p>\u201cEste anuncio muestra la arrogancia israel\u00ed y sus intenciones expansionistas que el mundo entero debe condenar&#8221;, afirm\u00f3 Blaha a SANA en Praga.<\/p>\n<p>Critic\u00f3 el silencio y la tolerancia de Occidente hacia las reiteradas violaciones israel\u00edes del derecho internacional.<\/p>\n<p>ed\/fm<\/p>\n","protected":false},"excerpt":{"rendered":"<p>Bratislava, 05 ene (SANA)\u00a0 El diputado en el Parlamento eslovaco, Lubuch Blaha, dijo que el anuncio del gobierno israel\u00ed de su intenci\u00f3n de ampliar los asentamientos en el Gol\u00e1n sirio ocupado constituye una violaci\u00f3n del derecho internacional. \u201cEste anuncio muestra la arrogancia israel\u00ed y sus intenciones expansionistas que el mundo entero debe condenar&#8221;, afirm\u00f3 Blaha &hellip;<\/p>\n","protected":false},"author":32,"featured_media":213326,"comment_status":"closed","ping_status":"closed","sticky":false,"template":"","format":"standard","meta":{"footnotes":""},"categories":[597,467,7541],"tags":[20641,11651],"class_list":["post-213325","post","type-post","status-publish","format-standard","has-post-thumbnail","","category-cinta-de-noticias","category-siria-y-el-mundo","category-ultimas-noticias","tag-bratislava","tag-praga"],"_links":{"self":[{"href":"https:\/\/archive.sana.sy\/es\/index.php?rest_route=\/wp\/v2\/posts\/213325"}],"collection":[{"href":"https:\/\/archive.sana.sy\/es\/index.php?rest_route=\/wp\/v2\/posts"}],"about":[{"href":"https:\/\/archive.sana.sy\/es\/index.php?rest_route=\/wp\/v2\/types\/post"}],"author":[{"embeddable":true,"href":"https:\/\/archive.sana.sy\/es\/index.php?rest_route=\/wp\/v2\/users\/32"}],"replies":[{"embeddable":true,"href":"https:\/\/archive.sana.sy\/es\/index.php?rest_route=%2Fwp%2Fv2%2Fcomments&post=213325"}],"version-history":[{"count":0,"href":"https:\/\/archive.sana.sy\/es\/index.php?rest_route=\/wp\/v2\/posts\/213325\/revisions"}],"wp:featuredmedia":[{"embeddable":true,"href":"https:\/\/archive.sana.sy\/es\/index.php?rest_route=\/wp\/v2\/media\/213326"}],"wp:attachment":[{"href":"https:\/\/archive.sana.sy\/es\/index.php?rest_route=%2Fwp%2Fv2%2Fmedia&parent=213325"}],"wp:term":[{"taxonomy":"category","embeddable":true,"href":"https:\/\/archive.sana.sy\/es\/index.php?rest_route=%2Fwp%2Fv2%2Fcategories&post=213325"},{"taxonomy":"post_tag","embeddable":true,"href":"https:\/\/archive.sana.sy\/es\/index.php?rest_route=%2Fwp%2Fv2%2Ftags&post=213325"}],"curies":[{"name":"wp","href":"https:\/\/api.w.org\/{rel}","templated":true}]}}