{"id":213536,"date":"2022-01-07T14:35:54","date_gmt":"2022-01-07T12:35:54","guid":{"rendered":"http:\/\/107.6.182.27\/es\/?p=213536"},"modified":"2023-01-10T16:39:14","modified_gmt":"2023-01-10T14:39:14","slug":"ocupacion-israeli-usa-covid-19-como-herramienta-para-abusar-de-los-prisioneros-palestinos","status":"publish","type":"post","link":"https:\/\/archive.sana.sy\/es\/?p=213536","title":{"rendered":"Ocupaci\u00f3n israel\u00ed usa Covid-19 como herramienta para abusar de los prisioneros palestinos"},"content":{"rendered":"<p style=\"text-align: justify;\"><span style=\"color: #800000;\"><strong>Jerusal\u00e9n ocupada, 07 ene (SANA)<\/strong><\/span> El Club de Prisioneros Palestinos anunci\u00f3 que 25 prisioneros palestinos en el centro de detenci\u00f3n de Negev se contagiaron con el virus Covid-19, y advirti\u00f3 que la pol\u00edtica de negligencia m\u00e9dica de las autoridades de ocupaci\u00f3n israel\u00edes contra los cautivos duplica los riesgos que amenazan sus vidas.<\/p>\n<p style=\"text-align: justify;\">En una nota difundida por la agencia palestina de noticias Wafa, el Club inform\u00f3 que hay m\u00e1s de 1.200 presos encerrados en el centro de detenci\u00f3n de Negev, lo que aumenta la posibilidad de m\u00e1s contagios a la luz de las dif\u00edciles condiciones en las que malviven los presos.<\/p>\n<p style=\"text-align: justify;\">Se\u00f1al\u00f3 que desde el inicio de la propagaci\u00f3n de dicha epidemia, el ocupante sionista la convirti\u00f3 en una herramienta para abusar de los encarcelados y utilizarla para imponer m\u00e1s medidas que de hecho agravaron su sufrimiento.<\/p>\n<p style=\"text-align: justify;\">Unos 5.000 prisioneros palestinos se enfrentan a duras condiciones de detenci\u00f3n, 600 de ellos necesitan una intervenci\u00f3n m\u00e9dica urgente.<\/p>\n<p style=\"text-align: justify;\"><span style=\"color: #0000ff;\"><strong>sm\/rsh<\/strong><\/span><\/p>\n","protected":false},"excerpt":{"rendered":"<p>Jerusal\u00e9n ocupada, 07 ene (SANA) El Club de Prisioneros Palestinos anunci\u00f3 que 25 prisioneros palestinos en el centro de detenci\u00f3n de Negev se contagiaron con el virus Covid-19, y advirti\u00f3 que la pol\u00edtica de negligencia m\u00e9dica de las autoridades de ocupaci\u00f3n israel\u00edes contra los cautivos duplica los riesgos que amenazan sus vidas. En una nota &hellip;<\/p>\n","protected":false},"author":39,"featured_media":213537,"comment_status":"closed","ping_status":"closed","sticky":false,"template":"","format":"standard","meta":{"footnotes":""},"categories":[447,597,456,457],"tags":[17865,20643,19613,19616],"class_list":["post-213536","post","type-post","status-publish","format-standard","has-post-thumbnail","","category-local-politica","category-cinta-de-noticias","category-arabe-internacional-politica","category-noticias-arabe-internacional-politica","tag-covid-19","tag-herramienta","tag-ocupacion-israeli","tag-prisioneros-palestinos"],"_links":{"self":[{"href":"https:\/\/archive.sana.sy\/es\/index.php?rest_route=\/wp\/v2\/posts\/213536"}],"collection":[{"href":"https:\/\/archive.sana.sy\/es\/index.php?rest_route=\/wp\/v2\/posts"}],"about":[{"href":"https:\/\/archive.sana.sy\/es\/index.php?rest_route=\/wp\/v2\/types\/post"}],"author":[{"embeddable":true,"href":"https:\/\/archive.sana.sy\/es\/index.php?rest_route=\/wp\/v2\/users\/39"}],"replies":[{"embeddable":true,"href":"https:\/\/archive.sana.sy\/es\/index.php?rest_route=%2Fwp%2Fv2%2Fcomments&post=213536"}],"version-history":[{"count":0,"href":"https:\/\/archive.sana.sy\/es\/index.php?rest_route=\/wp\/v2\/posts\/213536\/revisions"}],"wp:featuredmedia":[{"embeddable":true,"href":"https:\/\/archive.sana.sy\/es\/index.php?rest_route=\/wp\/v2\/media\/213537"}],"wp:attachment":[{"href":"https:\/\/archive.sana.sy\/es\/index.php?rest_route=%2Fwp%2Fv2%2Fmedia&parent=213536"}],"wp:term":[{"taxonomy":"category","embeddable":true,"href":"https:\/\/archive.sana.sy\/es\/index.php?rest_route=%2Fwp%2Fv2%2Fcategories&post=213536"},{"taxonomy":"post_tag","embeddable":true,"href":"https:\/\/archive.sana.sy\/es\/index.php?rest_route=%2Fwp%2Fv2%2Ftags&post=213536"}],"curies":[{"name":"wp","href":"https:\/\/api.w.org\/{rel}","templated":true}]}}