{"id":213662,"date":"2022-01-08T14:30:14","date_gmt":"2022-01-08T12:30:14","guid":{"rendered":"http:\/\/107.6.182.27\/es\/?p=213662"},"modified":"2023-01-10T14:21:36","modified_gmt":"2023-01-10T12:21:36","slug":"brutales-bombardeos-turcos-provocan-nueva-oleada-de-desplazamiento-de-civiles-de-la-localidad-de-abu-rasin","status":"publish","type":"post","link":"https:\/\/archive.sana.sy\/es\/?p=213662","title":{"rendered":"Brutales bombardeos turcos provocan nueva oleada de desplazamiento de civiles de la localidad de Abu-Rasin"},"content":{"rendered":"<p style=\"text-align: justify;\"><strong><span style=\"color: #800000;\">Hasakeh, 08 ene (SANA)<\/span> <\/strong>Los ataques de artiller\u00eda de las fuerzas de ocupaci\u00f3n turcas y sus mercenarios contra la ciudad de Abu Rasin y las aldeas adyacentes en el norte de la provincia nororiental de Hasakeh provocaron, durante las \u00faltimas 24 horas, una oleada de desplazamiento de poblaci\u00f3n.<\/p>\n<p style=\"text-align: justify;\">El director de Asuntos Sociales y Trabajo de la provincia de Hasakeh, Ibrahim Khalaf, inform\u00f3 a SANA que la violenta agresi\u00f3n turca anoche provoc\u00f3 la destrucci\u00f3n de muchas casas en la referida localidad, lo cual provoc\u00f3 un gran desplazamiento de personas hacia zonas y aldeas seguras.<\/p>\n<p style=\"text-align: justify;\">Se\u00f1al\u00f3 que la Direcci\u00f3n envi\u00f3 esta ma\u00f1ana un equipo para dar seguimiento a la situaci\u00f3n de las familias desplazadas a trabajar para satisfacer sus necesidades y asistencia.<\/p>\n<p style=\"text-align: justify;\">Indic\u00f3 que el n\u00famero de familias desplazadas anteriormente como consecuencia de los ataques del r\u00e9gimen turco ascend\u00eda a 1.500 familias.<\/p>\n<p style=\"text-align: justify;\"><span style=\"color: #800000;\"><strong>sm\/rsh<\/strong><\/span><\/p>\n","protected":false},"excerpt":{"rendered":"<p>Hasakeh, 08 ene (SANA) Los ataques de artiller\u00eda de las fuerzas de ocupaci\u00f3n turcas y sus mercenarios contra la ciudad de Abu Rasin y las aldeas adyacentes en el norte de la provincia nororiental de Hasakeh provocaron, durante las \u00faltimas 24 horas, una oleada de desplazamiento de poblaci\u00f3n. El director de Asuntos Sociales y Trabajo &hellip;<\/p>\n","protected":false},"author":39,"featured_media":213665,"comment_status":"closed","ping_status":"closed","sticky":false,"template":"","format":"standard","meta":{"footnotes":""},"categories":[447,477,597,573,476,583],"tags":[],"class_list":["post-213662","post","type-post","status-publish","format-standard","has-post-thumbnail","","category-local-politica","category-noticias-edulcorantes","category-cinta-de-noticias","category-la-realidad-de-los-acontecimientos-en-siria","category-locales","category-slide"],"_links":{"self":[{"href":"https:\/\/archive.sana.sy\/es\/index.php?rest_route=\/wp\/v2\/posts\/213662"}],"collection":[{"href":"https:\/\/archive.sana.sy\/es\/index.php?rest_route=\/wp\/v2\/posts"}],"about":[{"href":"https:\/\/archive.sana.sy\/es\/index.php?rest_route=\/wp\/v2\/types\/post"}],"author":[{"embeddable":true,"href":"https:\/\/archive.sana.sy\/es\/index.php?rest_route=\/wp\/v2\/users\/39"}],"replies":[{"embeddable":true,"href":"https:\/\/archive.sana.sy\/es\/index.php?rest_route=%2Fwp%2Fv2%2Fcomments&post=213662"}],"version-history":[{"count":0,"href":"https:\/\/archive.sana.sy\/es\/index.php?rest_route=\/wp\/v2\/posts\/213662\/revisions"}],"wp:featuredmedia":[{"embeddable":true,"href":"https:\/\/archive.sana.sy\/es\/index.php?rest_route=\/wp\/v2\/media\/213665"}],"wp:attachment":[{"href":"https:\/\/archive.sana.sy\/es\/index.php?rest_route=%2Fwp%2Fv2%2Fmedia&parent=213662"}],"wp:term":[{"taxonomy":"category","embeddable":true,"href":"https:\/\/archive.sana.sy\/es\/index.php?rest_route=%2Fwp%2Fv2%2Fcategories&post=213662"},{"taxonomy":"post_tag","embeddable":true,"href":"https:\/\/archive.sana.sy\/es\/index.php?rest_route=%2Fwp%2Fv2%2Ftags&post=213662"}],"curies":[{"name":"wp","href":"https:\/\/api.w.org\/{rel}","templated":true}]}}