{"id":213670,"date":"2022-01-08T15:07:22","date_gmt":"2022-01-08T13:07:22","guid":{"rendered":"http:\/\/107.6.182.27\/es\/?p=213670"},"modified":"2023-01-10T14:21:35","modified_gmt":"2023-01-10T12:21:35","slug":"militares-sirios-expulsan-un-convoy-militar-de-la-ocupacion-estadounidense-en-la-provincia-de-hasakeh","status":"publish","type":"post","link":"https:\/\/archive.sana.sy\/es\/?p=213670","title":{"rendered":"Militares sirios expulsan convoy militar estadounidense en la provincia de Hasakeh (+Video)"},"content":{"rendered":"<p style=\"text-align: justify;\"><span style=\"color: #800000;\"><strong>Hasakeh, 08 ene (SANA)<\/strong><\/span>\u00a0 \u00a0 Un puesto de control del Ej\u00e9rcito \u00c1rabe Sirio bloque\u00f3 el paso de un convoy de las fuerzas de ocupaci\u00f3n estadounidenses en la localidad de Tal Temer, en la campi\u00f1a noroccidental de la provincia de Hasakeh, y lo oblig\u00f3 a abandonar la zona.<\/p>\n<p style=\"text-align: justify;\">Activistas locales informaron a SANA que una caravana conformada por cuatro veh\u00edculos militares de las fuerzas del ocupante intent\u00f3 ingresar a la aldea de Qubur al-Gharajneh, al norte del municipio de Tal Temer antes de ser interceptada y expulsada por militares sirios.<\/p>\n<p style=\"text-align: justify;\">El 28 del mes pasado, el ej\u00e9rcito bloque\u00f3 un convoy de cinco veh\u00edculos de las fuerzas de Washington en la aldea de Dardara en la campi\u00f1a norte\u00f1a de Hasakeh y lo oblig\u00f3 a darse la vuelta.<\/p>\n<p style=\"text-align: justify;\"><span style=\"color: #0000ff;\"><strong>sm\/rsh<\/strong><\/span><\/p>\n<p>&nbsp;<\/p>\n<p><iframe loading=\"lazy\" title=\"YouTube video player\" src=\"https:\/\/www.youtube.com\/embed\/_Qy1gQmTqvQ\" width=\"640\" height=\"360\" frameborder=\"0\" allowfullscreen=\"allowfullscreen\"><\/iframe><\/p>\n","protected":false},"excerpt":{"rendered":"<p>Hasakeh, 08 ene (SANA)\u00a0 \u00a0 Un puesto de control del Ej\u00e9rcito \u00c1rabe Sirio bloque\u00f3 el paso de un convoy de las fuerzas de ocupaci\u00f3n estadounidenses en la localidad de Tal Temer, en la campi\u00f1a noroccidental de la provincia de Hasakeh, y lo oblig\u00f3 a abandonar la zona. Activistas locales informaron a SANA que una caravana &hellip;<\/p>\n","protected":false},"author":39,"featured_media":213673,"comment_status":"closed","ping_status":"closed","sticky":false,"template":"","format":"standard","meta":{"footnotes":""},"categories":[477,447,597,573,476,457,7541],"tags":[],"class_list":["post-213670","post","type-post","status-publish","format-standard","has-post-thumbnail","","category-noticias-edulcorantes","category-local-politica","category-cinta-de-noticias","category-la-realidad-de-los-acontecimientos-en-siria","category-locales","category-noticias-arabe-internacional-politica","category-ultimas-noticias"],"_links":{"self":[{"href":"https:\/\/archive.sana.sy\/es\/index.php?rest_route=\/wp\/v2\/posts\/213670"}],"collection":[{"href":"https:\/\/archive.sana.sy\/es\/index.php?rest_route=\/wp\/v2\/posts"}],"about":[{"href":"https:\/\/archive.sana.sy\/es\/index.php?rest_route=\/wp\/v2\/types\/post"}],"author":[{"embeddable":true,"href":"https:\/\/archive.sana.sy\/es\/index.php?rest_route=\/wp\/v2\/users\/39"}],"replies":[{"embeddable":true,"href":"https:\/\/archive.sana.sy\/es\/index.php?rest_route=%2Fwp%2Fv2%2Fcomments&post=213670"}],"version-history":[{"count":0,"href":"https:\/\/archive.sana.sy\/es\/index.php?rest_route=\/wp\/v2\/posts\/213670\/revisions"}],"wp:featuredmedia":[{"embeddable":true,"href":"https:\/\/archive.sana.sy\/es\/index.php?rest_route=\/wp\/v2\/media\/213673"}],"wp:attachment":[{"href":"https:\/\/archive.sana.sy\/es\/index.php?rest_route=%2Fwp%2Fv2%2Fmedia&parent=213670"}],"wp:term":[{"taxonomy":"category","embeddable":true,"href":"https:\/\/archive.sana.sy\/es\/index.php?rest_route=%2Fwp%2Fv2%2Fcategories&post=213670"},{"taxonomy":"post_tag","embeddable":true,"href":"https:\/\/archive.sana.sy\/es\/index.php?rest_route=%2Fwp%2Fv2%2Ftags&post=213670"}],"curies":[{"name":"wp","href":"https:\/\/api.w.org\/{rel}","templated":true}]}}