{"id":213691,"date":"2022-01-08T16:35:57","date_gmt":"2022-01-08T14:35:57","guid":{"rendered":"http:\/\/107.6.182.27\/es\/?p=213691"},"modified":"2023-01-10T14:21:35","modified_gmt":"2023-01-10T12:21:35","slug":"donativo-cubano-de-vacunas-anti-covid-19-para-siria-fotos","status":"publish","type":"post","link":"https:\/\/archive.sana.sy\/es\/?p=213691","title":{"rendered":"Donativo cubano de vacunas anti-Covid-19 para Siria (+fotos)"},"content":{"rendered":"<p style=\"text-align: justify;\"><span style=\"color: #800000;\"><strong>La Habana, 08 ene (SANA)<\/strong><\/span> Cuba envi\u00f3 unas 240 mil dosis de su vacuna anti Covid-19 a Siria.<\/p>\n<p style=\"text-align: justify;\">\u201cEl env\u00edo de vacunas a Siria es una prueba de la profundidad de las relaciones entre los dos pa\u00edses\u201d, dijo la ministra interina de Comercio Exterior e Inversi\u00f3n Extrajera de Cuba, Ana Teresita Gonz\u00e1lez Fraga, en su discurso durante un acto realizado en el Aeropuerto Internacional Jos\u00e9 Mart\u00ed con motivo del env\u00edo del cargamento m\u00e9dico como obsequio de Cuba a Siria.<\/p>\n<p><img loading=\"lazy\" decoding=\"async\" class=\"size-medium wp-image-213692 alignright\" src=\"http:\/\/107.6.182.27\/es\/wp-content\/uploads\/2022\/01\/photo_2022-01-08_06-10-04-300x191.jpg\" alt=\"\" width=\"300\" height=\"191\" srcset=\"https:\/\/archive.sana.sy\/es\/wp-content\/uploads\/2022\/01\/photo_2022-01-08_06-10-04-300x191.jpg 300w, https:\/\/archive.sana.sy\/es\/wp-content\/uploads\/2022\/01\/photo_2022-01-08_06-10-04-1024x652.jpg 1024w, https:\/\/archive.sana.sy\/es\/wp-content\/uploads\/2022\/01\/photo_2022-01-08_06-10-04-150x95.jpg 150w, https:\/\/archive.sana.sy\/es\/wp-content\/uploads\/2022\/01\/photo_2022-01-08_06-10-04-768x489.jpg 768w, https:\/\/archive.sana.sy\/es\/wp-content\/uploads\/2022\/01\/photo_2022-01-08_06-10-04-1536x978.jpg 1536w, https:\/\/archive.sana.sy\/es\/wp-content\/uploads\/2022\/01\/photo_2022-01-08_06-10-04-2048x1303.jpg 2048w\" sizes=\"(max-width: 300px) 100vw, 300px\" \/><\/p>\n<p style=\"text-align: justify;\">Se\u00f1al\u00f3 que su pa\u00eds, a pesar del injusto bloqueo impuesto por EEUU, est\u00e1 haciendo todo lo posible para apoyar a otros pa\u00edses \u2013especialmente Siria- en la lucha contra la pandemia.<\/p>\n<p style=\"text-align: justify;\">Por su parte, el embajador de Siria, Idris Mayya, destac\u00f3 que estas vacunas constituyen un gran apoyo para el sector de salud sirio en su enfrentamiento contra el nuevo coronavirus.<\/p>\n<p style=\"text-align: justify;\">Indic\u00f3 que el donativo comprueba los profundos lazos cubano-sirios, y agradeci\u00f3 al gobierno cubano por esta iniciativa.<\/p>\n<p style=\"text-align: justify;\">El embajador sirio se\u00f1al\u00f3 que a pesar de la inicua guerra que lleva ya m\u00e1s de diez a\u00f1os, y el injusto bloqueo por parte de Washington y Occidente, el gobierno sirio est\u00e1 trabajando para brindar atenci\u00f3n m\u00e9dica e inmunizar a los ciudadanos contra la pandemia de Covid-19.<\/p>\n<p style=\"text-align: justify;\"><span style=\"color: #0000ff;\"><strong>sm\/rsh\/fm<\/strong><\/span><\/p>\n<div id='gallery-1' class='gallery galleryid-213691 gallery-columns-1 gallery-size-full'><figure class='gallery-item'>\n\t\t\t<div class='gallery-icon landscape'>\n\t\t\t\t<a href='https:\/\/archive.sana.sy\/es\/?attachment_id=213693'><img loading=\"lazy\" decoding=\"async\" width=\"2560\" height=\"1654\" src=\"https:\/\/archive.sana.sy\/es\/wp-content\/uploads\/2022\/01\/photo_2022-01-08_06-10-37-scaled.jpg\" class=\"attachment-full size-full\" alt=\"\" srcset=\"https:\/\/archive.sana.sy\/es\/wp-content\/uploads\/2022\/01\/photo_2022-01-08_06-10-37-scaled.jpg 2560w, https:\/\/archive.sana.sy\/es\/wp-content\/uploads\/2022\/01\/photo_2022-01-08_06-10-37-300x194.jpg 300w, https:\/\/archive.sana.sy\/es\/wp-content\/uploads\/2022\/01\/photo_2022-01-08_06-10-37-1024x662.jpg 1024w, https:\/\/archive.sana.sy\/es\/wp-content\/uploads\/2022\/01\/photo_2022-01-08_06-10-37-150x97.jpg 150w, https:\/\/archive.sana.sy\/es\/wp-content\/uploads\/2022\/01\/photo_2022-01-08_06-10-37-768x496.jpg 768w, https:\/\/archive.sana.sy\/es\/wp-content\/uploads\/2022\/01\/photo_2022-01-08_06-10-37-1536x992.jpg 1536w, https:\/\/archive.sana.sy\/es\/wp-content\/uploads\/2022\/01\/photo_2022-01-08_06-10-37-2048x1323.jpg 2048w\" sizes=\"(max-width: 2560px) 100vw, 2560px\" \/><\/a>\n\t\t\t<\/div><\/figure><figure class='gallery-item'>\n\t\t\t<div class='gallery-icon landscape'>\n\t\t\t\t<a href='https:\/\/archive.sana.sy\/es\/?attachment_id=213695'><img loading=\"lazy\" decoding=\"async\" width=\"600\" height=\"320\" src=\"https:\/\/archive.sana.sy\/es\/wp-content\/uploads\/2022\/01\/2-50.jpg\" class=\"attachment-full size-full\" alt=\"\" srcset=\"https:\/\/archive.sana.sy\/es\/wp-content\/uploads\/2022\/01\/2-50.jpg 600w, https:\/\/archive.sana.sy\/es\/wp-content\/uploads\/2022\/01\/2-50-300x160.jpg 300w, https:\/\/archive.sana.sy\/es\/wp-content\/uploads\/2022\/01\/2-50-150x80.jpg 150w, https:\/\/archive.sana.sy\/es\/wp-content\/uploads\/2022\/01\/2-50-310x165.jpg 310w\" sizes=\"(max-width: 600px) 100vw, 600px\" \/><\/a>\n\t\t\t<\/div><\/figure>\n\t\t<\/div>\n\n","protected":false},"excerpt":{"rendered":"<p>La Habana, 08 ene (SANA) Cuba envi\u00f3 unas 240 mil dosis de su vacuna anti Covid-19 a Siria. \u201cEl env\u00edo de vacunas a Siria es una prueba de la profundidad de las relaciones entre los dos pa\u00edses\u201d, dijo la ministra interina de Comercio Exterior e Inversi\u00f3n Extrajera de Cuba, Ana Teresita Gonz\u00e1lez Fraga, en su &hellip;<\/p>\n","protected":false},"author":39,"featured_media":213700,"comment_status":"closed","ping_status":"closed","sticky":false,"template":"","format":"standard","meta":{"footnotes":""},"categories":[447,597,457,467,583],"tags":[],"class_list":["post-213691","post","type-post","status-publish","format-standard","has-post-thumbnail","","category-local-politica","category-cinta-de-noticias","category-noticias-arabe-internacional-politica","category-siria-y-el-mundo","category-slide"],"_links":{"self":[{"href":"https:\/\/archive.sana.sy\/es\/index.php?rest_route=\/wp\/v2\/posts\/213691"}],"collection":[{"href":"https:\/\/archive.sana.sy\/es\/index.php?rest_route=\/wp\/v2\/posts"}],"about":[{"href":"https:\/\/archive.sana.sy\/es\/index.php?rest_route=\/wp\/v2\/types\/post"}],"author":[{"embeddable":true,"href":"https:\/\/archive.sana.sy\/es\/index.php?rest_route=\/wp\/v2\/users\/39"}],"replies":[{"embeddable":true,"href":"https:\/\/archive.sana.sy\/es\/index.php?rest_route=%2Fwp%2Fv2%2Fcomments&post=213691"}],"version-history":[{"count":0,"href":"https:\/\/archive.sana.sy\/es\/index.php?rest_route=\/wp\/v2\/posts\/213691\/revisions"}],"wp:featuredmedia":[{"embeddable":true,"href":"https:\/\/archive.sana.sy\/es\/index.php?rest_route=\/wp\/v2\/media\/213700"}],"wp:attachment":[{"href":"https:\/\/archive.sana.sy\/es\/index.php?rest_route=%2Fwp%2Fv2%2Fmedia&parent=213691"}],"wp:term":[{"taxonomy":"category","embeddable":true,"href":"https:\/\/archive.sana.sy\/es\/index.php?rest_route=%2Fwp%2Fv2%2Fcategories&post=213691"},{"taxonomy":"post_tag","embeddable":true,"href":"https:\/\/archive.sana.sy\/es\/index.php?rest_route=%2Fwp%2Fv2%2Ftags&post=213691"}],"curies":[{"name":"wp","href":"https:\/\/api.w.org\/{rel}","templated":true}]}}