{"id":213703,"date":"2022-01-08T17:18:46","date_gmt":"2022-01-08T15:18:46","guid":{"rendered":"http:\/\/107.6.182.27\/es\/?p=213703"},"modified":"2023-01-10T14:21:35","modified_gmt":"2023-01-10T12:21:35","slug":"movimiento-de-paises-no-alineados-condena-practicas-del-ocupante-israeli-en-el-golan-sirio","status":"publish","type":"post","link":"https:\/\/archive.sana.sy\/es\/?p=213703","title":{"rendered":"Movimiento de Pa\u00edses No Alineados condena pr\u00e1cticas del ocupante israel\u00ed en el Gol\u00e1n sirio"},"content":{"rendered":"<p style=\"text-align: justify;\"><span style=\"color: #800000;\"><strong>Nueva York, 08 ene (SANA)<\/strong> <\/span>La Oficina de Coordinaci\u00f3n del Movimiento de Pa\u00edses No Alineados (MNOAL) conden\u00f3 en los t\u00e9rminos m\u00e1s en\u00e9rgicos las pr\u00e1cticas del gobierno israel\u00ed en el Gol\u00e1n sirio ocupado y su reuni\u00f3n celebrada en el mismo, as\u00ed como su anunci\u00f3 de un plan para construir dos nuevos asentamientos para duplicar el n\u00famero de colonos all\u00ed.<\/p>\n<p style=\"text-align: justify;\">Tanto la reuni\u00f3n como el plan constituyen una provocaci\u00f3n y una escalada grave que viola el derecho internacional y las resoluciones pertinentes de las Naciones Unidas, especialmente la Resoluci\u00f3n No. 497 del Consejo de Seguridad de 1981, afirm\u00f3 la Oficina por medio de un comunicado.<\/p>\n<p style=\"text-align: justify;\">Reiter\u00f3 que todas las medidas y acciones tomadas o por tomar por Israel, la potencia ocupante, destinadas a cambiar la situaci\u00f3n jur\u00eddica, material y demogr\u00e1fica del Gol\u00e1n sirio ocupado, as\u00ed como las medidas israel\u00edes para imponer la autoridad judicial y administraci\u00f3n israel\u00ed de nulas y sin efecto legal.<\/p>\n<p style=\"text-align: justify;\">La Oficina ratific\u00f3 adem\u00e1s, la posici\u00f3n del MNOAL contenida en el Documento Final de la Decimoctava Cumbre de Jefes de Estado y de Gobierno de los Pa\u00edses No Alineados, que se llev\u00f3 a cabo en Bak\u00fa, Rep\u00fablica de Azerbaiy\u00e1n, del 25 al 26 de octubre de 2019 con respecto al Gol\u00e1n sirio ocupado, incluida la demanda a Israel de que cumpla con la resoluci\u00f3n del Consejo de Seguridad No. 497 de 1981 y se retire completamente del mismo hasta la l\u00ednea del 4 de junio de 1967 de conformidad con las Resoluciones 242 y 338 del Consejo de Seguridad.<\/p>\n<p style=\"text-align: justify;\"><span style=\"color: #0000ff;\"><strong>fm\/sm<\/strong><\/span><\/p>\n","protected":false},"excerpt":{"rendered":"<p>Nueva York, 08 ene (SANA) La Oficina de Coordinaci\u00f3n del Movimiento de Pa\u00edses No Alineados (MNOAL) conden\u00f3 en los t\u00e9rminos m\u00e1s en\u00e9rgicos las pr\u00e1cticas del gobierno israel\u00ed en el Gol\u00e1n sirio ocupado y su reuni\u00f3n celebrada en el mismo, as\u00ed como su anunci\u00f3 de un plan para construir dos nuevos asentamientos para duplicar el n\u00famero &hellip;<\/p>\n","protected":false},"author":39,"featured_media":213706,"comment_status":"closed","ping_status":"closed","sticky":false,"template":"","format":"standard","meta":{"footnotes":""},"categories":[447,597,467,583],"tags":[17102,20027,19669,19958],"class_list":["post-213703","post","type-post","status-publish","format-standard","has-post-thumbnail","","category-local-politica","category-cinta-de-noticias","category-siria-y-el-mundo","category-slide","tag-condena","tag-golan-sirio","tag-movimiento-de-paises-no-alineados","tag-ocupante-israeli"],"_links":{"self":[{"href":"https:\/\/archive.sana.sy\/es\/index.php?rest_route=\/wp\/v2\/posts\/213703"}],"collection":[{"href":"https:\/\/archive.sana.sy\/es\/index.php?rest_route=\/wp\/v2\/posts"}],"about":[{"href":"https:\/\/archive.sana.sy\/es\/index.php?rest_route=\/wp\/v2\/types\/post"}],"author":[{"embeddable":true,"href":"https:\/\/archive.sana.sy\/es\/index.php?rest_route=\/wp\/v2\/users\/39"}],"replies":[{"embeddable":true,"href":"https:\/\/archive.sana.sy\/es\/index.php?rest_route=%2Fwp%2Fv2%2Fcomments&post=213703"}],"version-history":[{"count":0,"href":"https:\/\/archive.sana.sy\/es\/index.php?rest_route=\/wp\/v2\/posts\/213703\/revisions"}],"wp:featuredmedia":[{"embeddable":true,"href":"https:\/\/archive.sana.sy\/es\/index.php?rest_route=\/wp\/v2\/media\/213706"}],"wp:attachment":[{"href":"https:\/\/archive.sana.sy\/es\/index.php?rest_route=%2Fwp%2Fv2%2Fmedia&parent=213703"}],"wp:term":[{"taxonomy":"category","embeddable":true,"href":"https:\/\/archive.sana.sy\/es\/index.php?rest_route=%2Fwp%2Fv2%2Fcategories&post=213703"},{"taxonomy":"post_tag","embeddable":true,"href":"https:\/\/archive.sana.sy\/es\/index.php?rest_route=%2Fwp%2Fv2%2Ftags&post=213703"}],"curies":[{"name":"wp","href":"https:\/\/api.w.org\/{rel}","templated":true}]}}