{"id":213709,"date":"2022-01-08T17:47:57","date_gmt":"2022-01-08T15:47:57","guid":{"rendered":"http:\/\/107.6.182.27\/es\/?p=213709"},"modified":"2023-01-10T14:21:35","modified_gmt":"2023-01-10T12:21:35","slug":"proceso-de-reconciliacion-en-deir-ezzor-continua-y-decenas-de-profugos-se-entregan-a-las-autoridades","status":"publish","type":"post","link":"https:\/\/archive.sana.sy\/es\/?p=213709","title":{"rendered":"Proceso de reconciliaci\u00f3n en Deir Ezzor contin\u00faa y decenas de pr\u00f3fugos se entregan a las autoridades"},"content":{"rendered":"<p style=\"text-align: justify;\"><span style=\"color: #800000;\"><strong>Deir Ezzor, 08 ene (SANA)<\/strong> <\/span>Decenas de personas se unieron hoy al proceso de reconciliaci\u00f3n integral en la ciudad de al-Shamitiyeh en el oeste de la provincia oriental siria de Deir Ezzor.<\/p>\n<p style=\"text-align: justify;\">El proceso incluye la concesi\u00f3n de amnist\u00eda a los pr\u00f3fugos y militares fugitivos que deponen sus armas o se entregan al ej\u00e9rcito.<\/p>\n<p style=\"text-align: justify;\">Esta iniciativa continuar\u00e1 durante los pr\u00f3ximos d\u00edas en la referida localidad para ofrecer una oportunidad a quienes deseen normalizar su estatus.<\/p>\n<p style=\"text-align: justify;\">Cabe resaltar que este proceso se implement\u00f3 en la capital provincial Deir Ezzor y en la localidad oriental de al-Mayadeen, donde al menos 10 mil personas fueron indultadas.<\/p>\n<p style=\"text-align: justify;\"><span style=\"color: #0000ff;\"><strong>sm\/fm<\/strong><\/span><\/p>\n","protected":false},"excerpt":{"rendered":"<p>Deir Ezzor, 08 ene (SANA) Decenas de personas se unieron hoy al proceso de reconciliaci\u00f3n integral en la ciudad de al-Shamitiyeh en el oeste de la provincia oriental siria de Deir Ezzor. El proceso incluye la concesi\u00f3n de amnist\u00eda a los pr\u00f3fugos y militares fugitivos que deponen sus armas o se entregan al ej\u00e9rcito. Esta &hellip;<\/p>\n","protected":false},"author":39,"featured_media":213711,"comment_status":"closed","ping_status":"closed","sticky":false,"template":"","format":"standard","meta":{"footnotes":""},"categories":[477,447,597,573,457,7541],"tags":[],"class_list":["post-213709","post","type-post","status-publish","format-standard","has-post-thumbnail","","category-noticias-edulcorantes","category-local-politica","category-cinta-de-noticias","category-la-realidad-de-los-acontecimientos-en-siria","category-noticias-arabe-internacional-politica","category-ultimas-noticias"],"_links":{"self":[{"href":"https:\/\/archive.sana.sy\/es\/index.php?rest_route=\/wp\/v2\/posts\/213709"}],"collection":[{"href":"https:\/\/archive.sana.sy\/es\/index.php?rest_route=\/wp\/v2\/posts"}],"about":[{"href":"https:\/\/archive.sana.sy\/es\/index.php?rest_route=\/wp\/v2\/types\/post"}],"author":[{"embeddable":true,"href":"https:\/\/archive.sana.sy\/es\/index.php?rest_route=\/wp\/v2\/users\/39"}],"replies":[{"embeddable":true,"href":"https:\/\/archive.sana.sy\/es\/index.php?rest_route=%2Fwp%2Fv2%2Fcomments&post=213709"}],"version-history":[{"count":0,"href":"https:\/\/archive.sana.sy\/es\/index.php?rest_route=\/wp\/v2\/posts\/213709\/revisions"}],"wp:featuredmedia":[{"embeddable":true,"href":"https:\/\/archive.sana.sy\/es\/index.php?rest_route=\/wp\/v2\/media\/213711"}],"wp:attachment":[{"href":"https:\/\/archive.sana.sy\/es\/index.php?rest_route=%2Fwp%2Fv2%2Fmedia&parent=213709"}],"wp:term":[{"taxonomy":"category","embeddable":true,"href":"https:\/\/archive.sana.sy\/es\/index.php?rest_route=%2Fwp%2Fv2%2Fcategories&post=213709"},{"taxonomy":"post_tag","embeddable":true,"href":"https:\/\/archive.sana.sy\/es\/index.php?rest_route=%2Fwp%2Fv2%2Ftags&post=213709"}],"curies":[{"name":"wp","href":"https:\/\/api.w.org\/{rel}","templated":true}]}}