{"id":213815,"date":"2022-01-09T16:29:40","date_gmt":"2022-01-09T14:29:40","guid":{"rendered":"http:\/\/107.6.182.27\/es\/?p=213815"},"modified":"2023-01-10T14:21:33","modified_gmt":"2023-01-10T12:21:33","slug":"nueve-civiles-secuestrados-por-terroristas-proturcos-en-ras-al-ain-hasakeh","status":"publish","type":"post","link":"https:\/\/archive.sana.sy\/es\/?p=213815","title":{"rendered":"Nueve civiles secuestrados por terroristas proturcos en Ras al-Ain\/ Hasakeh"},"content":{"rendered":"<p style=\"text-align: justify;\"><strong><span style=\"color: #800000;\">Hasakeh, 09 ene (SANA)<\/span>\u00a0 \u00a0<\/strong>Integrantes de las agrupaciones radicales que operan bajo \u00f3rdenes del ej\u00e9rcito turco, continuaron sus cr\u00edmenes contra la poblaci\u00f3n en las \u00e1reas que ocupan, y secuestraron a varios ciudadanos, incluidas dos ni\u00f1as, en las localidades de Tal Halaf y Abu al-Sun, en el norte de la provincia de Hasakeh.<\/p>\n<p style=\"text-align: justify;\">Seg\u00fan comunicaron fuentes civiles a SANA, grupos terroristas de las denominadas &#8220;Divisi\u00f3n Al-Hamzat&#8221;, &#8220;Ahrar Al-Sharqiya&#8221; y &#8220;Sultan Murad&#8221;, que operan bajo el mando de las fuerzas de ocupaci\u00f3n turcas, allanaron las casas de los ciudadanos, y secuestraron a varios de ellos y los llevaron a uno de sus cuarteles generales.<\/p>\n<p style=\"text-align: justify;\">En el mismo contexto, las fuentes afirmaron que los mercenarios de la denominada &#8220;Divisi\u00f3n Al-Hamzat&#8221; secuestraron a dos ni\u00f1as en la aldea de Abu al-Sun en el municipio de Ras al-Ain en el norte de Hasakeh.<\/p>\n<p style=\"text-align: justify;\">Un estado de caos prevalece en las \u00e1reas ocupadas por las fuerzas de ocupaci\u00f3n turcas y sus mercenarios terroristas debido al aumento de las pr\u00e1cticas criminales de estos mercenarios.<\/p>\n<p style=\"text-align: justify;\">fm\/ed<\/p>\n","protected":false},"excerpt":{"rendered":"<p>Hasakeh, 09 ene (SANA)\u00a0 \u00a0Integrantes de las agrupaciones radicales que operan bajo \u00f3rdenes del ej\u00e9rcito turco, continuaron sus cr\u00edmenes contra la poblaci\u00f3n en las \u00e1reas que ocupan, y secuestraron a varios ciudadanos, incluidas dos ni\u00f1as, en las localidades de Tal Halaf y Abu al-Sun, en el norte de la provincia de Hasakeh. Seg\u00fan comunicaron fuentes &hellip;<\/p>\n","protected":false},"author":32,"featured_media":213816,"comment_status":"closed","ping_status":"closed","sticky":false,"template":"","format":"standard","meta":{"footnotes":""},"categories":[447,597,476,7541],"tags":[16841,19954],"class_list":["post-213815","post","type-post","status-publish","format-standard","has-post-thumbnail","","category-local-politica","category-cinta-de-noticias","category-locales","category-ultimas-noticias","tag-hasakeh","tag-ras-al-ain"],"_links":{"self":[{"href":"https:\/\/archive.sana.sy\/es\/index.php?rest_route=\/wp\/v2\/posts\/213815"}],"collection":[{"href":"https:\/\/archive.sana.sy\/es\/index.php?rest_route=\/wp\/v2\/posts"}],"about":[{"href":"https:\/\/archive.sana.sy\/es\/index.php?rest_route=\/wp\/v2\/types\/post"}],"author":[{"embeddable":true,"href":"https:\/\/archive.sana.sy\/es\/index.php?rest_route=\/wp\/v2\/users\/32"}],"replies":[{"embeddable":true,"href":"https:\/\/archive.sana.sy\/es\/index.php?rest_route=%2Fwp%2Fv2%2Fcomments&post=213815"}],"version-history":[{"count":0,"href":"https:\/\/archive.sana.sy\/es\/index.php?rest_route=\/wp\/v2\/posts\/213815\/revisions"}],"wp:featuredmedia":[{"embeddable":true,"href":"https:\/\/archive.sana.sy\/es\/index.php?rest_route=\/wp\/v2\/media\/213816"}],"wp:attachment":[{"href":"https:\/\/archive.sana.sy\/es\/index.php?rest_route=%2Fwp%2Fv2%2Fmedia&parent=213815"}],"wp:term":[{"taxonomy":"category","embeddable":true,"href":"https:\/\/archive.sana.sy\/es\/index.php?rest_route=%2Fwp%2Fv2%2Fcategories&post=213815"},{"taxonomy":"post_tag","embeddable":true,"href":"https:\/\/archive.sana.sy\/es\/index.php?rest_route=%2Fwp%2Fv2%2Ftags&post=213815"}],"curies":[{"name":"wp","href":"https:\/\/api.w.org\/{rel}","templated":true}]}}