{"id":213828,"date":"2022-01-09T20:30:51","date_gmt":"2022-01-09T18:30:51","guid":{"rendered":"http:\/\/107.6.182.27\/es\/?p=213828"},"modified":"2022-01-09T20:50:45","modified_gmt":"2022-01-09T18:50:45","slug":"canciller-sirio-recibe-una-delegacion-de-fatah-y-afirma-que-siria-y-palestina-enfrentan-juntos-al-ocupante-israeli","status":"publish","type":"post","link":"https:\/\/archive.sana.sy\/es\/?p=213828","title":{"rendered":"Canciller sirio recibe una delegaci\u00f3n de Fatah, y afirma que Siria y Palestina enfrentan juntos al ocupante israel\u00ed"},"content":{"rendered":"<p style=\"text-align: justify;\"><strong><span style=\"color: #800000;\">Damasco, 09 ene (SANA)<\/span><\/strong>\u00a0 \u00a0El ministro de Exteriores y Expatriados, Faisal al-Mekdad, recibi\u00f3 hoy al mayor general Jibril Rajoub, Secretario del Comit\u00e9 Central del Movimiento de Liberaci\u00f3n Nacional Palestina (Fatah), con quien examin\u00f3 la situaci\u00f3n en Siria, Palestina y la regi\u00f3n.<\/p>\n<p style=\"text-align: justify;\">Al comienzo de la reuni\u00f3n, Rajoub entreg\u00f3 una carta del presidente palestino Mahmoud Abbas al presidente Bashar al-Assad.<\/p>\n<p style=\"text-align: justify;\"><div class=\"box note  \"><div class=\"box-inner-block\"><i class=\"fa tie-shortcode-boxicon\"><\/i>\n\t\t\tMekdad: decisiones de Israel contra la poblaci\u00f3n del Gol\u00e1n sirio y el pueblo palestino representan cr\u00edmenes de lesa humanidad\n\t\t\t<\/div><\/div>\n<p style=\"text-align: justify;\">El jefe de la diplomacia siria reiter\u00f3 durante la reuni\u00f3n el apoyo de Siria al pueblo palestino en su lucha por recuperar sus derechos leg\u00edtimos e inalienables, incluido el establecimiento de su estado independiente sobre su territorio.<\/p>\n<p style=\"text-align: justify;\">Siria y Palestina enfrentan las agresiones y los cr\u00edmenes del ocupante israel\u00ed y sus violaciones de la legitimidad internacional, dijo el Canciller.<\/p>\n<p style=\"text-align: justify;\">Subray\u00f3 la importancia de unificar las fuerzas palestinas y el di\u00e1logo entre las mismas en beneficio del pueblo palestino.<\/p>\n<p style=\"text-align: justify;\">Tambi\u00e9n conden\u00f3 las pr\u00e1cticas y cr\u00edmenes israel\u00edes contra el pueblo palestino y sus pol\u00edticas de asentamientos y anexi\u00f3n de tierras.<\/p>\n<p style=\"text-align: justify;\">Las decisiones de Israel contra el pueblo del Gol\u00e1n sirio ocupado y el pueblo palestino representan cr\u00edmenes de guerra y de lesa humanidad y violan las resoluciones de la legitimidad internacional, asegur\u00f3 el Ministro.<\/p>\n<p style=\"text-align: justify;\"><div class=\"box note  \"><div class=\"box-inner-block\"><i class=\"fa tie-shortcode-boxicon\"><\/i>\n\t\t\tFatah felicita a Siria por las victorias logradas contra el terrorismo\n\t\t\t<\/div><\/div>\n<p style=\"text-align: justify;\">Por su parte, el general palestino destac\u00f3 el apego de los l\u00edderes palestinos al establecimiento de un estado palestino soberano y al derecho del retorno de los refugiados y el de resistencia a la ocupaci\u00f3n por todos los medios.<\/p>\n<p style=\"text-align: justify;\">Felicit\u00f3 al pueblo y la direcci\u00f3n en Siria por las victorias logradas contra el terrorismo e inst\u00f3 el levantamiento de las sanciones coercitivas unilaterales impuestas al pueblo sirio.<\/p>\n<p style=\"text-align: justify;\">Rajoub afirm\u00f3 tambi\u00e9n el deseo de la organizaci\u00f3n Fatah de dialogar con todas las partes palestinas para alcanzar una posici\u00f3n s\u00f3lida que defienda los derechos de los palestinos en el \u00e1mbito regional e internacional.<\/p>\n<p style=\"text-align: justify;\">fm\/rr<\/p>\n","protected":false},"excerpt":{"rendered":"<p>Damasco, 09 ene (SANA)\u00a0 \u00a0El ministro de Exteriores y Expatriados, Faisal al-Mekdad, recibi\u00f3 hoy al mayor general Jibril Rajoub, Secretario del Comit\u00e9 Central del Movimiento de Liberaci\u00f3n Nacional Palestina (Fatah), con quien examin\u00f3 la situaci\u00f3n en Siria, Palestina y la regi\u00f3n. Al comienzo de la reuni\u00f3n, Rajoub entreg\u00f3 una carta del presidente palestino Mahmoud Abbas &hellip;<\/p>\n","protected":false},"author":31,"featured_media":213829,"comment_status":"closed","ping_status":"closed","sticky":false,"template":"","format":"standard","meta":{"footnotes":""},"categories":[597,476,7541],"tags":[],"class_list":["post-213828","post","type-post","status-publish","format-standard","has-post-thumbnail","","category-cinta-de-noticias","category-locales","category-ultimas-noticias"],"_links":{"self":[{"href":"https:\/\/archive.sana.sy\/es\/index.php?rest_route=\/wp\/v2\/posts\/213828"}],"collection":[{"href":"https:\/\/archive.sana.sy\/es\/index.php?rest_route=\/wp\/v2\/posts"}],"about":[{"href":"https:\/\/archive.sana.sy\/es\/index.php?rest_route=\/wp\/v2\/types\/post"}],"author":[{"embeddable":true,"href":"https:\/\/archive.sana.sy\/es\/index.php?rest_route=\/wp\/v2\/users\/31"}],"replies":[{"embeddable":true,"href":"https:\/\/archive.sana.sy\/es\/index.php?rest_route=%2Fwp%2Fv2%2Fcomments&post=213828"}],"version-history":[{"count":0,"href":"https:\/\/archive.sana.sy\/es\/index.php?rest_route=\/wp\/v2\/posts\/213828\/revisions"}],"wp:featuredmedia":[{"embeddable":true,"href":"https:\/\/archive.sana.sy\/es\/index.php?rest_route=\/wp\/v2\/media\/213829"}],"wp:attachment":[{"href":"https:\/\/archive.sana.sy\/es\/index.php?rest_route=%2Fwp%2Fv2%2Fmedia&parent=213828"}],"wp:term":[{"taxonomy":"category","embeddable":true,"href":"https:\/\/archive.sana.sy\/es\/index.php?rest_route=%2Fwp%2Fv2%2Fcategories&post=213828"},{"taxonomy":"post_tag","embeddable":true,"href":"https:\/\/archive.sana.sy\/es\/index.php?rest_route=%2Fwp%2Fv2%2Ftags&post=213828"}],"curies":[{"name":"wp","href":"https:\/\/api.w.org\/{rel}","templated":true}]}}