{"id":213835,"date":"2022-01-09T20:25:46","date_gmt":"2022-01-09T18:25:46","guid":{"rendered":"http:\/\/107.6.182.27\/es\/?p=213835"},"modified":"2022-01-09T20:25:46","modified_gmt":"2022-01-09T18:25:46","slug":"armados-y-fugitivos-vuelven-a-ejercer-su-vida-con-normalidad-tras-unirse-a-la-reconciliacion-en-deir-ezzor","status":"publish","type":"post","link":"https:\/\/archive.sana.sy\/es\/?p=213835","title":{"rendered":"Armados y fugitivos vuelven a ejercer su vida con normalidad tras unirse a la reconciliaci\u00f3n en Deir Ezzor"},"content":{"rendered":"<p style=\"text-align: justify;\"><strong><span style=\"color: #800000;\">Deir Ezzor, 09 ene (SANA)\u00a0 \u00a0<\/span><\/strong>El proceso de reconciliaci\u00f3n integral para los pr\u00f3fugos continu\u00f3 en la ciudad de al-Shamitiyeh, al oeste de la provincia de Deir Ezzor.<\/p>\n<p style=\"text-align: justify;\">El proceso incluye la concesi\u00f3n de amnist\u00eda a los pr\u00f3fugos y militares fugitivos que deponen sus armas o se entregan al ej\u00e9rcito.<\/p>\n<p style=\"text-align: justify;\">Algunos indultados afirmaron a SANA que la reconciliaci\u00f3n se llev\u00f3 a cabo sin obst\u00e1culos y llamaron a los pr\u00f3fugos a aprovechar esta oportunidad para regresar a sus familias y hogares lo antes posible.<\/p>\n<p style=\"text-align: justify;\">Mientras Jassim Al-Jassem, uno de los indultados, indic\u00f3 a SANA que se uni\u00f3 a la reconciliaci\u00f3n y volvi\u00f3 al servicio militar obligatorio tras la convocatoria de los jeques y dignatarios de las tribus.<\/p>\n<p style=\"text-align: justify;\">Esta iniciativa continuar\u00e1 durante los pr\u00f3ximos d\u00edas en la referida localidad para ofrecer una oportunidad a quienes deseen normalizar su estatus.<\/p>\n<p style=\"text-align: justify;\">Cabe resaltar que este proceso se implement\u00f3 en la capital provincial Deir Ezzor y en la localidad oriental de al-Mayadeen, donde al menos 10 mil personas fueron indultadas.<\/p>\n<p style=\"text-align: justify;\">rr\/fm<\/p>\n<div id='gallery-1' class='gallery galleryid-213835 gallery-columns-1 gallery-size-full'><figure class='gallery-item'>\n\t\t\t<div class='gallery-icon landscape'>\n\t\t\t\t<a href='https:\/\/archive.sana.sy\/es\/wp-content\/uploads\/2022\/01\/photo_2022-01-09_13-03-34-scaled.jpg'><img loading=\"lazy\" decoding=\"async\" width=\"2560\" height=\"1495\" src=\"https:\/\/archive.sana.sy\/es\/wp-content\/uploads\/2022\/01\/photo_2022-01-09_13-03-34-scaled.jpg\" class=\"attachment-full size-full\" alt=\"\" srcset=\"https:\/\/archive.sana.sy\/es\/wp-content\/uploads\/2022\/01\/photo_2022-01-09_13-03-34-scaled.jpg 2560w, https:\/\/archive.sana.sy\/es\/wp-content\/uploads\/2022\/01\/photo_2022-01-09_13-03-34-300x175.jpg 300w, https:\/\/archive.sana.sy\/es\/wp-content\/uploads\/2022\/01\/photo_2022-01-09_13-03-34-1024x598.jpg 1024w, https:\/\/archive.sana.sy\/es\/wp-content\/uploads\/2022\/01\/photo_2022-01-09_13-03-34-150x88.jpg 150w, https:\/\/archive.sana.sy\/es\/wp-content\/uploads\/2022\/01\/photo_2022-01-09_13-03-34-768x448.jpg 768w, https:\/\/archive.sana.sy\/es\/wp-content\/uploads\/2022\/01\/photo_2022-01-09_13-03-34-1536x897.jpg 1536w, https:\/\/archive.sana.sy\/es\/wp-content\/uploads\/2022\/01\/photo_2022-01-09_13-03-34-2048x1196.jpg 2048w\" sizes=\"(max-width: 2560px) 100vw, 2560px\" \/><\/a>\n\t\t\t<\/div><\/figure><figure class='gallery-item'>\n\t\t\t<div class='gallery-icon landscape'>\n\t\t\t\t<a href='https:\/\/archive.sana.sy\/es\/wp-content\/uploads\/2022\/01\/photo_2022-01-09_13-04-10-scaled.jpg'><img loading=\"lazy\" decoding=\"async\" width=\"2560\" height=\"1609\" src=\"https:\/\/archive.sana.sy\/es\/wp-content\/uploads\/2022\/01\/photo_2022-01-09_13-04-10-scaled.jpg\" class=\"attachment-full size-full\" alt=\"\" srcset=\"https:\/\/archive.sana.sy\/es\/wp-content\/uploads\/2022\/01\/photo_2022-01-09_13-04-10-scaled.jpg 2560w, https:\/\/archive.sana.sy\/es\/wp-content\/uploads\/2022\/01\/photo_2022-01-09_13-04-10-300x189.jpg 300w, https:\/\/archive.sana.sy\/es\/wp-content\/uploads\/2022\/01\/photo_2022-01-09_13-04-10-1024x644.jpg 1024w, https:\/\/archive.sana.sy\/es\/wp-content\/uploads\/2022\/01\/photo_2022-01-09_13-04-10-150x94.jpg 150w, https:\/\/archive.sana.sy\/es\/wp-content\/uploads\/2022\/01\/photo_2022-01-09_13-04-10-768x483.jpg 768w, https:\/\/archive.sana.sy\/es\/wp-content\/uploads\/2022\/01\/photo_2022-01-09_13-04-10-1536x965.jpg 1536w, https:\/\/archive.sana.sy\/es\/wp-content\/uploads\/2022\/01\/photo_2022-01-09_13-04-10-2048x1287.jpg 2048w\" sizes=\"(max-width: 2560px) 100vw, 2560px\" \/><\/a>\n\t\t\t<\/div><\/figure><figure class='gallery-item'>\n\t\t\t<div class='gallery-icon landscape'>\n\t\t\t\t<a href='https:\/\/archive.sana.sy\/es\/wp-content\/uploads\/2022\/01\/photo_2022-01-09_13-04-18-scaled.jpg'><img loading=\"lazy\" decoding=\"async\" width=\"2560\" height=\"1806\" src=\"https:\/\/archive.sana.sy\/es\/wp-content\/uploads\/2022\/01\/photo_2022-01-09_13-04-18-scaled.jpg\" class=\"attachment-full size-full\" alt=\"\" srcset=\"https:\/\/archive.sana.sy\/es\/wp-content\/uploads\/2022\/01\/photo_2022-01-09_13-04-18-scaled.jpg 2560w, https:\/\/archive.sana.sy\/es\/wp-content\/uploads\/2022\/01\/photo_2022-01-09_13-04-18-300x212.jpg 300w, https:\/\/archive.sana.sy\/es\/wp-content\/uploads\/2022\/01\/photo_2022-01-09_13-04-18-1024x723.jpg 1024w, https:\/\/archive.sana.sy\/es\/wp-content\/uploads\/2022\/01\/photo_2022-01-09_13-04-18-150x106.jpg 150w, https:\/\/archive.sana.sy\/es\/wp-content\/uploads\/2022\/01\/photo_2022-01-09_13-04-18-768x542.jpg 768w, https:\/\/archive.sana.sy\/es\/wp-content\/uploads\/2022\/01\/photo_2022-01-09_13-04-18-1536x1084.jpg 1536w, https:\/\/archive.sana.sy\/es\/wp-content\/uploads\/2022\/01\/photo_2022-01-09_13-04-18-2048x1445.jpg 2048w\" sizes=\"(max-width: 2560px) 100vw, 2560px\" \/><\/a>\n\t\t\t<\/div><\/figure>\n\t\t<\/div>\n\n","protected":false},"excerpt":{"rendered":"<p>Deir Ezzor, 09 ene (SANA)\u00a0 \u00a0El proceso de reconciliaci\u00f3n integral para los pr\u00f3fugos continu\u00f3 en la ciudad de al-Shamitiyeh, al oeste de la provincia de Deir Ezzor. El proceso incluye la concesi\u00f3n de amnist\u00eda a los pr\u00f3fugos y militares fugitivos que deponen sus armas o se entregan al ej\u00e9rcito. Algunos indultados afirmaron a SANA que &hellip;<\/p>\n","protected":false},"author":31,"featured_media":213836,"comment_status":"closed","ping_status":"closed","sticky":false,"template":"","format":"standard","meta":{"footnotes":""},"categories":[477,597,573,476,7541],"tags":[],"class_list":["post-213835","post","type-post","status-publish","format-standard","has-post-thumbnail","","category-noticias-edulcorantes","category-cinta-de-noticias","category-la-realidad-de-los-acontecimientos-en-siria","category-locales","category-ultimas-noticias"],"_links":{"self":[{"href":"https:\/\/archive.sana.sy\/es\/index.php?rest_route=\/wp\/v2\/posts\/213835"}],"collection":[{"href":"https:\/\/archive.sana.sy\/es\/index.php?rest_route=\/wp\/v2\/posts"}],"about":[{"href":"https:\/\/archive.sana.sy\/es\/index.php?rest_route=\/wp\/v2\/types\/post"}],"author":[{"embeddable":true,"href":"https:\/\/archive.sana.sy\/es\/index.php?rest_route=\/wp\/v2\/users\/31"}],"replies":[{"embeddable":true,"href":"https:\/\/archive.sana.sy\/es\/index.php?rest_route=%2Fwp%2Fv2%2Fcomments&post=213835"}],"version-history":[{"count":0,"href":"https:\/\/archive.sana.sy\/es\/index.php?rest_route=\/wp\/v2\/posts\/213835\/revisions"}],"wp:featuredmedia":[{"embeddable":true,"href":"https:\/\/archive.sana.sy\/es\/index.php?rest_route=\/wp\/v2\/media\/213836"}],"wp:attachment":[{"href":"https:\/\/archive.sana.sy\/es\/index.php?rest_route=%2Fwp%2Fv2%2Fmedia&parent=213835"}],"wp:term":[{"taxonomy":"category","embeddable":true,"href":"https:\/\/archive.sana.sy\/es\/index.php?rest_route=%2Fwp%2Fv2%2Fcategories&post=213835"},{"taxonomy":"post_tag","embeddable":true,"href":"https:\/\/archive.sana.sy\/es\/index.php?rest_route=%2Fwp%2Fv2%2Ftags&post=213835"}],"curies":[{"name":"wp","href":"https:\/\/api.w.org\/{rel}","templated":true}]}}