{"id":213847,"date":"2022-01-09T20:27:05","date_gmt":"2022-01-09T18:27:05","guid":{"rendered":"http:\/\/107.6.182.27\/es\/?p=213847"},"modified":"2022-01-09T21:09:16","modified_gmt":"2022-01-09T19:09:16","slug":"milicia-proestadounidense-reprime-con-fuego-una-manifestacion-en-su-contra-en-raqa","status":"publish","type":"post","link":"https:\/\/archive.sana.sy\/es\/?p=213847","title":{"rendered":"Milicia proestadounidense reprime con fuego una manifestaci\u00f3n en su contra en Raqa"},"content":{"rendered":"<p style=\"text-align: justify;\"><strong><span style=\"color: #800000;\">Raqa, 09 ene (SANA)\u00a0<\/span><\/strong> \u00a0Varios civiles resultaron heridos por disparos de la milicia proestadounidense \u201cFuerzas Democr\u00e1ticas de Siria\u201d (FDS) que reprimieron una manifestaci\u00f3n en contra de sus pr\u00e1cticas en la localidad de al-Sweidieh, en la provincia nororiental de Raqa.<\/p>\n<p style=\"text-align: justify;\">Activistas locales informaron a SANA que los habitantes de la mencionada localidad protestaron en contra de los cr\u00edmenes de las FDS que saquean sus cosechas y riquezas de la zona, adem\u00e1s de la inseguridad imperante en las \u00e1reas controladas por esta milicia.<\/p>\n<p style=\"text-align: justify;\">\u201cLa milicia trajo refuerzos militares y trat\u00f3 de dispersar a los manifestantes disparando balas reales indiscriminadamente en su contra\u201d, detallaron.<\/p>\n<p style=\"text-align: justify;\">Agregaron que esta agresi\u00f3n provoc\u00f3 varios heridos entre los ciudadanos, algunos de los cuales se encuentran en estado grave, mientras otros fueron secuestrados y llevados a un destino desconocido.<\/p>\n<p style=\"text-align: justify;\">rr\/fm<\/p>\n","protected":false},"excerpt":{"rendered":"<p>Raqa, 09 ene (SANA)\u00a0 \u00a0Varios civiles resultaron heridos por disparos de la milicia proestadounidense \u201cFuerzas Democr\u00e1ticas de Siria\u201d (FDS) que reprimieron una manifestaci\u00f3n en contra de sus pr\u00e1cticas en la localidad de al-Sweidieh, en la provincia nororiental de Raqa. Activistas locales informaron a SANA que los habitantes de la mencionada localidad protestaron en contra de &hellip;<\/p>\n","protected":false},"author":31,"featured_media":213848,"comment_status":"closed","ping_status":"closed","sticky":false,"template":"","format":"standard","meta":{"footnotes":""},"categories":[597,573,7541],"tags":[],"class_list":["post-213847","post","type-post","status-publish","format-standard","has-post-thumbnail","","category-cinta-de-noticias","category-la-realidad-de-los-acontecimientos-en-siria","category-ultimas-noticias"],"_links":{"self":[{"href":"https:\/\/archive.sana.sy\/es\/index.php?rest_route=\/wp\/v2\/posts\/213847"}],"collection":[{"href":"https:\/\/archive.sana.sy\/es\/index.php?rest_route=\/wp\/v2\/posts"}],"about":[{"href":"https:\/\/archive.sana.sy\/es\/index.php?rest_route=\/wp\/v2\/types\/post"}],"author":[{"embeddable":true,"href":"https:\/\/archive.sana.sy\/es\/index.php?rest_route=\/wp\/v2\/users\/31"}],"replies":[{"embeddable":true,"href":"https:\/\/archive.sana.sy\/es\/index.php?rest_route=%2Fwp%2Fv2%2Fcomments&post=213847"}],"version-history":[{"count":0,"href":"https:\/\/archive.sana.sy\/es\/index.php?rest_route=\/wp\/v2\/posts\/213847\/revisions"}],"wp:featuredmedia":[{"embeddable":true,"href":"https:\/\/archive.sana.sy\/es\/index.php?rest_route=\/wp\/v2\/media\/213848"}],"wp:attachment":[{"href":"https:\/\/archive.sana.sy\/es\/index.php?rest_route=%2Fwp%2Fv2%2Fmedia&parent=213847"}],"wp:term":[{"taxonomy":"category","embeddable":true,"href":"https:\/\/archive.sana.sy\/es\/index.php?rest_route=%2Fwp%2Fv2%2Fcategories&post=213847"},{"taxonomy":"post_tag","embeddable":true,"href":"https:\/\/archive.sana.sy\/es\/index.php?rest_route=%2Fwp%2Fv2%2Ftags&post=213847"}],"curies":[{"name":"wp","href":"https:\/\/api.w.org\/{rel}","templated":true}]}}