{"id":213850,"date":"2022-01-09T21:41:14","date_gmt":"2022-01-09T19:41:14","guid":{"rendered":"http:\/\/107.6.182.27\/es\/?p=213850"},"modified":"2023-01-10T16:39:13","modified_gmt":"2023-01-10T14:39:13","slug":"la-situacion-en-kazajistan-esta-bajo-control-afirma-ministerio-de-defensa","status":"publish","type":"post","link":"https:\/\/archive.sana.sy\/es\/?p=213850","title":{"rendered":"La situaci\u00f3n en Kazajist\u00e1n est\u00e1 bajo control, afirma Ministerio de Defensa"},"content":{"rendered":"<p style=\"text-align: justify;\"><span style=\"color: #800000;\"><strong>Nursultan, 09 ene (SANA)\u00a0<\/strong><\/span> \u00a0El viceministro de Defensa de Kazajst\u00e1n, el teniente general Sultan Jamal Aldinov, anunci\u00f3 que la situaci\u00f3n en su pa\u00eds es estable y est\u00e1 bajo control.<\/p>\n<p style=\"text-align: justify;\">&#8220;La situaci\u00f3n en el territorio de la Rep\u00fablica de Kazajst\u00e1n se est\u00e1 estabilizando y est\u00e1 bajo el control de las autoridades&#8221;, dijo Djamaldinov en una declaraci\u00f3n conjunta con Andrei Serdyukov, comandante de las fuerzas de paz de la Organizaci\u00f3n del Tratado de Seguridad Colectiva (OTSC).<\/p>\n<p style=\"text-align: justify;\">La OTSC envi\u00f3 fuerzas de mantenimiento de paz a Kazajst\u00e1n con el objetivo de proteger los edificios administrativos y diplom\u00e1ticos del pa\u00eds y ayudar al ej\u00e9rcito a mantener el orden p\u00fablico, ya que las fuerzas de seguridad kazajas est\u00e1n llevando a cabo una operaci\u00f3n antiterrorista a gran escala en el pa\u00eds para recuperar estabilidad y seguridad.<\/p>\n<p style=\"text-align: justify;\">fm\/rr<\/p>\n<p style=\"text-align: justify;\">\n","protected":false},"excerpt":{"rendered":"<p>Nursultan, 09 ene (SANA)\u00a0 \u00a0El viceministro de Defensa de Kazajst\u00e1n, el teniente general Sultan Jamal Aldinov, anunci\u00f3 que la situaci\u00f3n en su pa\u00eds es estable y est\u00e1 bajo control. &#8220;La situaci\u00f3n en el territorio de la Rep\u00fablica de Kazajst\u00e1n se est\u00e1 estabilizando y est\u00e1 bajo el control de las autoridades&#8221;, dijo Djamaldinov en una declaraci\u00f3n &hellip;<\/p>\n","protected":false},"author":31,"featured_media":213851,"comment_status":"closed","ping_status":"closed","sticky":false,"template":"","format":"standard","meta":{"footnotes":""},"categories":[456],"tags":[],"class_list":["post-213850","post","type-post","status-publish","format-standard","has-post-thumbnail","","category-arabe-internacional-politica"],"_links":{"self":[{"href":"https:\/\/archive.sana.sy\/es\/index.php?rest_route=\/wp\/v2\/posts\/213850"}],"collection":[{"href":"https:\/\/archive.sana.sy\/es\/index.php?rest_route=\/wp\/v2\/posts"}],"about":[{"href":"https:\/\/archive.sana.sy\/es\/index.php?rest_route=\/wp\/v2\/types\/post"}],"author":[{"embeddable":true,"href":"https:\/\/archive.sana.sy\/es\/index.php?rest_route=\/wp\/v2\/users\/31"}],"replies":[{"embeddable":true,"href":"https:\/\/archive.sana.sy\/es\/index.php?rest_route=%2Fwp%2Fv2%2Fcomments&post=213850"}],"version-history":[{"count":0,"href":"https:\/\/archive.sana.sy\/es\/index.php?rest_route=\/wp\/v2\/posts\/213850\/revisions"}],"wp:featuredmedia":[{"embeddable":true,"href":"https:\/\/archive.sana.sy\/es\/index.php?rest_route=\/wp\/v2\/media\/213851"}],"wp:attachment":[{"href":"https:\/\/archive.sana.sy\/es\/index.php?rest_route=%2Fwp%2Fv2%2Fmedia&parent=213850"}],"wp:term":[{"taxonomy":"category","embeddable":true,"href":"https:\/\/archive.sana.sy\/es\/index.php?rest_route=%2Fwp%2Fv2%2Fcategories&post=213850"},{"taxonomy":"post_tag","embeddable":true,"href":"https:\/\/archive.sana.sy\/es\/index.php?rest_route=%2Fwp%2Fv2%2Ftags&post=213850"}],"curies":[{"name":"wp","href":"https:\/\/api.w.org\/{rel}","templated":true}]}}