{"id":213853,"date":"2022-01-10T06:18:24","date_gmt":"2022-01-10T04:18:24","guid":{"rendered":"http:\/\/107.6.182.27\/es\/?p=213853"},"modified":"2023-01-10T14:21:33","modified_gmt":"2023-01-10T12:21:33","slug":"siria-confirma-cifras-minimas-de-nuevos-casos-y-decesos-por-covid-19","status":"publish","type":"post","link":"https:\/\/archive.sana.sy\/es\/?p=213853","title":{"rendered":"Siria confirma cifras m\u00ednimas de nuevos casos y decesos por Covid-19"},"content":{"rendered":"<p style=\"text-align: justify;\"><strong>Damasco, 10 ene (SANA)\u00a0<\/strong>\u00a0 Con tan s\u00f3lo 20 nuevos casos positivos a la Covid-19 y dos decesos por esta enfermedad, Siria confirma cifras consideradas las m\u00e1s bajas desde hace casi un a\u00f1o.<\/p>\n<p style=\"text-align: justify;\">De acuerdo al reporte diario del Ministerio de Salud, la cifra de contagios a nivel nacional subi\u00f3 a 50 mil 502 y la de muerte a dos mil 926.<\/p>\n<p style=\"text-align: justify;\">La informaci\u00f3n agrega que 120 infectados se curaron de la enfermedad para un total de 33 mil 598.<\/p>\n<p style=\"text-align: justify;\">Siria enfrenta esta pandemia en medio de un bloqueo injusto asfixiante impuesto por EEUU y algunos pa\u00edses de la UE, lo cual dificulta las capacidades del pa\u00eds de enfrentar esta pandemia.<\/p>\n<p style=\"text-align: justify;\">fm<\/p>\n","protected":false},"excerpt":{"rendered":"<p>Damasco, 10 ene (SANA)\u00a0\u00a0 Con tan s\u00f3lo 20 nuevos casos positivos a la Covid-19 y dos decesos por esta enfermedad, Siria confirma cifras consideradas las m\u00e1s bajas desde hace casi un a\u00f1o. De acuerdo al reporte diario del Ministerio de Salud, la cifra de contagios a nivel nacional subi\u00f3 a 50 mil 502 y la &hellip;<\/p>\n","protected":false},"author":34,"featured_media":213854,"comment_status":"closed","ping_status":"closed","sticky":false,"template":"","format":"standard","meta":{"footnotes":""},"categories":[477,447,597,476,457,583],"tags":[],"class_list":["post-213853","post","type-post","status-publish","format-standard","has-post-thumbnail","","category-noticias-edulcorantes","category-local-politica","category-cinta-de-noticias","category-locales","category-noticias-arabe-internacional-politica","category-slide"],"_links":{"self":[{"href":"https:\/\/archive.sana.sy\/es\/index.php?rest_route=\/wp\/v2\/posts\/213853"}],"collection":[{"href":"https:\/\/archive.sana.sy\/es\/index.php?rest_route=\/wp\/v2\/posts"}],"about":[{"href":"https:\/\/archive.sana.sy\/es\/index.php?rest_route=\/wp\/v2\/types\/post"}],"author":[{"embeddable":true,"href":"https:\/\/archive.sana.sy\/es\/index.php?rest_route=\/wp\/v2\/users\/34"}],"replies":[{"embeddable":true,"href":"https:\/\/archive.sana.sy\/es\/index.php?rest_route=%2Fwp%2Fv2%2Fcomments&post=213853"}],"version-history":[{"count":0,"href":"https:\/\/archive.sana.sy\/es\/index.php?rest_route=\/wp\/v2\/posts\/213853\/revisions"}],"wp:featuredmedia":[{"embeddable":true,"href":"https:\/\/archive.sana.sy\/es\/index.php?rest_route=\/wp\/v2\/media\/213854"}],"wp:attachment":[{"href":"https:\/\/archive.sana.sy\/es\/index.php?rest_route=%2Fwp%2Fv2%2Fmedia&parent=213853"}],"wp:term":[{"taxonomy":"category","embeddable":true,"href":"https:\/\/archive.sana.sy\/es\/index.php?rest_route=%2Fwp%2Fv2%2Fcategories&post=213853"},{"taxonomy":"post_tag","embeddable":true,"href":"https:\/\/archive.sana.sy\/es\/index.php?rest_route=%2Fwp%2Fv2%2Ftags&post=213853"}],"curies":[{"name":"wp","href":"https:\/\/api.w.org\/{rel}","templated":true}]}}