{"id":213857,"date":"2022-01-10T09:28:44","date_gmt":"2022-01-10T07:28:44","guid":{"rendered":"http:\/\/107.6.182.27\/es\/?p=213857"},"modified":"2023-01-10T15:32:56","modified_gmt":"2023-01-10T13:32:56","slug":"titulares-de-la-agencia-sana-10-de-enero-2022","status":"publish","type":"post","link":"https:\/\/archive.sana.sy\/es\/?p=213857","title":{"rendered":"Titulares de la agencia SANA, 10 de enero 2022"},"content":{"rendered":"<p><strong><span style=\"color: #800000;\">Damasco ,10 ene (SANA)<\/span><\/strong><\/p>\n<p>\u2b55\ufe0fPresidente al-Assad env\u00eda mensaje a su hom\u00f3logo de Mauritania.<\/p>\n<p>\u2b55\ufe0fCanciller sirio recibe una delegaci\u00f3n de Fatah, y afirma que Siria y Palestina enfrentan juntos al ocupante israel\u00ed.<\/p>\n<p>\u2b55\ufe0fEj\u00e9rcito de de ocupaci\u00f3n de EEUU instala refiner\u00eda de petr\u00f3leo en el nordeste de Siria.<\/p>\n<p>\u2b55\ufe0fNueve civiles secuestrados por terroristas proturcos en Ras al-Ain\/ Hasakeh.<\/p>\n<p>\u2b55\ufe0fMilicia proestadounidense reprime con fuego una manifestaci\u00f3n en su contra en Raqa.<\/p>\n<p>\u2b55\ufe0fDevastaci\u00f3n por brutales bombardeos turcos en Abu Rasin\/ Hasakeh .<\/p>\n<p>\u2b55\ufe0fAl-Fijah, el manantial del que bebe toda Damasco .<\/p>\n<p>\u2b55\ufe0fPesista sirio gana Premio a la Creatividad Deportiva.<\/p>\n<p>\u2b55\ufe0fPugnas entre radicales afines a Ankara en el norte de Siria.<\/p>\n<p>\u2b55\ufe0fAcciones de resistencia contra los ocupantes estadounidenses se multiplican en Siria e Iraq.<\/p>\n<p>\u2b55\ufe0fArmados y fugitivos vuelven a ejercer su vida con normalidad tras unirse a la reconciliaci\u00f3n en Deir Ezzor.<\/p>\n<p>\u2b55\ufe0fFuerzas de mantenimiento de la paz comenzaron sus misi\u00f3n en Kazajst\u00e1n.<\/p>\n<p>\u2b55\ufe0fSiria confirma bajas cifras diarias de nuevos casos de Covid-19.<\/p>\n<p>\u2b55\ufe0fComienza restauraci\u00f3n de una hist\u00f3rica Noria en Hama.<\/p>\n<p>\u2b55\ufe0fLa situaci\u00f3n en Kazajist\u00e1n est\u00e1 bajo control, afirma Ministerio de Defensa.<\/p>\n<p>&nbsp;<\/p>\n","protected":false},"excerpt":{"rendered":"<p>Damasco ,10 ene (SANA) \u2b55\ufe0fPresidente al-Assad env\u00eda mensaje a su hom\u00f3logo de Mauritania. \u2b55\ufe0fCanciller sirio recibe una delegaci\u00f3n de Fatah, y afirma que Siria y Palestina enfrentan juntos al ocupante israel\u00ed. \u2b55\ufe0fEj\u00e9rcito de de ocupaci\u00f3n de EEUU instala refiner\u00eda de petr\u00f3leo en el nordeste de Siria. \u2b55\ufe0fNueve civiles secuestrados por terroristas proturcos en Ras al-Ain\/ &hellip;<\/p>\n","protected":false},"author":35,"featured_media":213858,"comment_status":"closed","ping_status":"closed","sticky":false,"template":"","format":"standard","meta":{"footnotes":""},"categories":[447,555,597,476,7541],"tags":[],"class_list":["post-213857","post","type-post","status-publish","format-standard","has-post-thumbnail","","category-local-politica","category-prensa","category-cinta-de-noticias","category-locales","category-ultimas-noticias"],"_links":{"self":[{"href":"https:\/\/archive.sana.sy\/es\/index.php?rest_route=\/wp\/v2\/posts\/213857"}],"collection":[{"href":"https:\/\/archive.sana.sy\/es\/index.php?rest_route=\/wp\/v2\/posts"}],"about":[{"href":"https:\/\/archive.sana.sy\/es\/index.php?rest_route=\/wp\/v2\/types\/post"}],"author":[{"embeddable":true,"href":"https:\/\/archive.sana.sy\/es\/index.php?rest_route=\/wp\/v2\/users\/35"}],"replies":[{"embeddable":true,"href":"https:\/\/archive.sana.sy\/es\/index.php?rest_route=%2Fwp%2Fv2%2Fcomments&post=213857"}],"version-history":[{"count":0,"href":"https:\/\/archive.sana.sy\/es\/index.php?rest_route=\/wp\/v2\/posts\/213857\/revisions"}],"wp:featuredmedia":[{"embeddable":true,"href":"https:\/\/archive.sana.sy\/es\/index.php?rest_route=\/wp\/v2\/media\/213858"}],"wp:attachment":[{"href":"https:\/\/archive.sana.sy\/es\/index.php?rest_route=%2Fwp%2Fv2%2Fmedia&parent=213857"}],"wp:term":[{"taxonomy":"category","embeddable":true,"href":"https:\/\/archive.sana.sy\/es\/index.php?rest_route=%2Fwp%2Fv2%2Fcategories&post=213857"},{"taxonomy":"post_tag","embeddable":true,"href":"https:\/\/archive.sana.sy\/es\/index.php?rest_route=%2Fwp%2Fv2%2Ftags&post=213857"}],"curies":[{"name":"wp","href":"https:\/\/api.w.org\/{rel}","templated":true}]}}