{"id":213918,"date":"2022-01-10T17:24:34","date_gmt":"2022-01-10T15:24:34","guid":{"rendered":"http:\/\/107.6.182.27\/es\/?p=213918"},"modified":"2022-01-10T17:24:34","modified_gmt":"2022-01-10T15:24:34","slug":"continuan-obras-de-rehabilitacion-del-crac-de-los-caballeros","status":"publish","type":"post","link":"https:\/\/archive.sana.sy\/es\/?p=213918","title":{"rendered":"Contin\u00faan obras de rehabilitaci\u00f3n del Crac de los Caballeros"},"content":{"rendered":"<p style=\"text-align: justify;\"><strong><span style=\"color: #800000;\">Hama, 10 ene (SANA)<\/span><\/strong>\u00a0 \u00a0 El a\u00f1o pasado, el Crac de los Caballeros ( Hisn en \u00e1rabe) volvi\u00f3 al mapa de la atracci\u00f3n tur\u00edstica como resultado de los repetidos proyectos de restauraci\u00f3n y rehabilitaci\u00f3n que est\u00e1 presenciando, ya que el n\u00famero de visitantes lleg\u00f3 a unos 15.000, incluidos \u00e1rabes y extranjeros.<\/p>\n<p style=\"text-align: justify;\">La fortaleza, inscrita desde 2006 en la Lista del Patrimonio Mundial de la UNESCO, fue blanco de ataques de sabotaje y robos por parte de organizaciones terroristas durante 2012 y 2013 antes de que el Ej\u00e9rcito \u00c1rabe Sirio le devolviera la seguridad en marzo de 2014.<\/p>\n<p style=\"text-align: justify;\">Por su parte, la Direcci\u00f3n General de Antig\u00fcedades y Museos comenz\u00f3 a llevar a cabo extensas obras de rehabilitaci\u00f3n del castillo, que incluyen la realizaci\u00f3n de reconocimientos a\u00e9reos a trav\u00e9s de un dron, y la construcci\u00f3n de un modelo tridimensional con clara precisi\u00f3n de la estructura del castillo.<\/p>\n<p><img loading=\"lazy\" decoding=\"async\" class=\"size-full wp-image-213920 aligncenter\" src=\"http:\/\/107.6.182.27\/es\/wp-content\/uploads\/2022\/01\/2-2.jpg\" alt=\"\" width=\"660\" height=\"370\" srcset=\"https:\/\/archive.sana.sy\/es\/wp-content\/uploads\/2022\/01\/2-2.jpg 660w, https:\/\/archive.sana.sy\/es\/wp-content\/uploads\/2022\/01\/2-2-300x168.jpg 300w, https:\/\/archive.sana.sy\/es\/wp-content\/uploads\/2022\/01\/2-2-150x84.jpg 150w\" sizes=\"(max-width: 660px) 100vw, 660px\" \/><\/p>\n<p style=\"text-align: justify;\">Las obras en curso tiene como objetivo restaurar su conjunto hist\u00f3rico y arqueol\u00f3gico, seg\u00fan confirma en declaraciones a SANA Naima Muharram, director del castillo , agregando que el a\u00f1o pasado fue testigo de la implementaci\u00f3n de algunos elementos del proyecto para rehabilitarla ruta tur\u00edstica y cultural en el castillo, financiada por el Ministerio de Turismo.<\/p>\n<p style=\"text-align: justify;\">Es de destacar que el Castillo es uno de los castillos m\u00e1s grandes del mundo y el m\u00e1s importante y grande de los castillos medievales. Se caracteriza por su destacada ubicaci\u00f3n geogr\u00e1fica, decoraciones, inscripciones y dise\u00f1o.<\/p>\n<p style=\"text-align: justify;\">Su primera construcci\u00f3n data del siglo XV antes de Cristo, luego estuvo expuesta a muchas obras de construcci\u00f3n durante las \u00e9pocas de los Mirdasid, los cruzados y luego los mamelucos.<\/p>\n<p>&nbsp;<\/p>\n<div id='gallery-1' class='gallery galleryid-213918 gallery-columns-1 gallery-size-full'><figure class='gallery-item'>\n\t\t\t<div class='gallery-icon landscape'>\n\t\t\t\t<a href='https:\/\/archive.sana.sy\/es\/?attachment_id=213922'><img loading=\"lazy\" decoding=\"async\" width=\"2560\" height=\"1548\" src=\"https:\/\/archive.sana.sy\/es\/wp-content\/uploads\/2022\/01\/4.jpg\" class=\"attachment-full size-full\" alt=\"\" srcset=\"https:\/\/archive.sana.sy\/es\/wp-content\/uploads\/2022\/01\/4.jpg 2560w, https:\/\/archive.sana.sy\/es\/wp-content\/uploads\/2022\/01\/4-300x181.jpg 300w, https:\/\/archive.sana.sy\/es\/wp-content\/uploads\/2022\/01\/4-1024x619.jpg 1024w, https:\/\/archive.sana.sy\/es\/wp-content\/uploads\/2022\/01\/4-150x91.jpg 150w, https:\/\/archive.sana.sy\/es\/wp-content\/uploads\/2022\/01\/4-768x464.jpg 768w, https:\/\/archive.sana.sy\/es\/wp-content\/uploads\/2022\/01\/4-1536x929.jpg 1536w, https:\/\/archive.sana.sy\/es\/wp-content\/uploads\/2022\/01\/4-2048x1238.jpg 2048w\" sizes=\"(max-width: 2560px) 100vw, 2560px\" \/><\/a>\n\t\t\t<\/div><\/figure><figure class='gallery-item'>\n\t\t\t<div class='gallery-icon landscape'>\n\t\t\t\t<a href='https:\/\/archive.sana.sy\/es\/?attachment_id=213923'><img loading=\"lazy\" decoding=\"async\" width=\"2560\" height=\"1548\" src=\"https:\/\/archive.sana.sy\/es\/wp-content\/uploads\/2022\/01\/5.jpg\" class=\"attachment-full size-full\" alt=\"\" srcset=\"https:\/\/archive.sana.sy\/es\/wp-content\/uploads\/2022\/01\/5.jpg 2560w, https:\/\/archive.sana.sy\/es\/wp-content\/uploads\/2022\/01\/5-300x181.jpg 300w, https:\/\/archive.sana.sy\/es\/wp-content\/uploads\/2022\/01\/5-1024x619.jpg 1024w, https:\/\/archive.sana.sy\/es\/wp-content\/uploads\/2022\/01\/5-150x91.jpg 150w, https:\/\/archive.sana.sy\/es\/wp-content\/uploads\/2022\/01\/5-768x464.jpg 768w, https:\/\/archive.sana.sy\/es\/wp-content\/uploads\/2022\/01\/5-1536x929.jpg 1536w, https:\/\/archive.sana.sy\/es\/wp-content\/uploads\/2022\/01\/5-2048x1238.jpg 2048w\" sizes=\"(max-width: 2560px) 100vw, 2560px\" \/><\/a>\n\t\t\t<\/div><\/figure><figure class='gallery-item'>\n\t\t\t<div class='gallery-icon landscape'>\n\t\t\t\t<a href='https:\/\/archive.sana.sy\/es\/?attachment_id=213924'><img loading=\"lazy\" decoding=\"async\" width=\"2560\" height=\"1572\" src=\"https:\/\/archive.sana.sy\/es\/wp-content\/uploads\/2022\/01\/6.jpg\" class=\"attachment-full size-full\" alt=\"\" srcset=\"https:\/\/archive.sana.sy\/es\/wp-content\/uploads\/2022\/01\/6.jpg 2560w, https:\/\/archive.sana.sy\/es\/wp-content\/uploads\/2022\/01\/6-300x184.jpg 300w, https:\/\/archive.sana.sy\/es\/wp-content\/uploads\/2022\/01\/6-1024x629.jpg 1024w, https:\/\/archive.sana.sy\/es\/wp-content\/uploads\/2022\/01\/6-150x92.jpg 150w, https:\/\/archive.sana.sy\/es\/wp-content\/uploads\/2022\/01\/6-768x472.jpg 768w, https:\/\/archive.sana.sy\/es\/wp-content\/uploads\/2022\/01\/6-1536x943.jpg 1536w, https:\/\/archive.sana.sy\/es\/wp-content\/uploads\/2022\/01\/6-2048x1258.jpg 2048w\" sizes=\"(max-width: 2560px) 100vw, 2560px\" \/><\/a>\n\t\t\t<\/div><\/figure><figure class='gallery-item'>\n\t\t\t<div class='gallery-icon landscape'>\n\t\t\t\t<a href='https:\/\/archive.sana.sy\/es\/?attachment_id=213925'><img loading=\"lazy\" decoding=\"async\" width=\"2560\" height=\"1619\" src=\"https:\/\/archive.sana.sy\/es\/wp-content\/uploads\/2022\/01\/7.jpg\" class=\"attachment-full size-full\" alt=\"\" srcset=\"https:\/\/archive.sana.sy\/es\/wp-content\/uploads\/2022\/01\/7.jpg 2560w, https:\/\/archive.sana.sy\/es\/wp-content\/uploads\/2022\/01\/7-300x190.jpg 300w, https:\/\/archive.sana.sy\/es\/wp-content\/uploads\/2022\/01\/7-1024x648.jpg 1024w, https:\/\/archive.sana.sy\/es\/wp-content\/uploads\/2022\/01\/7-150x95.jpg 150w, https:\/\/archive.sana.sy\/es\/wp-content\/uploads\/2022\/01\/7-768x486.jpg 768w, https:\/\/archive.sana.sy\/es\/wp-content\/uploads\/2022\/01\/7-1536x971.jpg 1536w, https:\/\/archive.sana.sy\/es\/wp-content\/uploads\/2022\/01\/7-2048x1295.jpg 2048w\" sizes=\"(max-width: 2560px) 100vw, 2560px\" \/><\/a>\n\t\t\t<\/div><\/figure>\n\t\t<\/div>\n\n<p><em>mm<\/em><\/p>\n","protected":false},"excerpt":{"rendered":"<p>Hama, 10 ene (SANA)\u00a0 \u00a0 El a\u00f1o pasado, el Crac de los Caballeros ( Hisn en \u00e1rabe) volvi\u00f3 al mapa de la atracci\u00f3n tur\u00edstica como resultado de los repetidos proyectos de restauraci\u00f3n y rehabilitaci\u00f3n que est\u00e1 presenciando, ya que el n\u00famero de visitantes lleg\u00f3 a unos 15.000, incluidos \u00e1rabes y extranjeros. La fortaleza, inscrita desde &hellip;<\/p>\n","protected":false},"author":36,"featured_media":213919,"comment_status":"closed","ping_status":"closed","sticky":false,"template":"","format":"standard","meta":{"footnotes":""},"categories":[597,457,583],"tags":[],"class_list":["post-213918","post","type-post","status-publish","format-standard","has-post-thumbnail","","category-cinta-de-noticias","category-noticias-arabe-internacional-politica","category-slide"],"_links":{"self":[{"href":"https:\/\/archive.sana.sy\/es\/index.php?rest_route=\/wp\/v2\/posts\/213918"}],"collection":[{"href":"https:\/\/archive.sana.sy\/es\/index.php?rest_route=\/wp\/v2\/posts"}],"about":[{"href":"https:\/\/archive.sana.sy\/es\/index.php?rest_route=\/wp\/v2\/types\/post"}],"author":[{"embeddable":true,"href":"https:\/\/archive.sana.sy\/es\/index.php?rest_route=\/wp\/v2\/users\/36"}],"replies":[{"embeddable":true,"href":"https:\/\/archive.sana.sy\/es\/index.php?rest_route=%2Fwp%2Fv2%2Fcomments&post=213918"}],"version-history":[{"count":0,"href":"https:\/\/archive.sana.sy\/es\/index.php?rest_route=\/wp\/v2\/posts\/213918\/revisions"}],"wp:featuredmedia":[{"embeddable":true,"href":"https:\/\/archive.sana.sy\/es\/index.php?rest_route=\/wp\/v2\/media\/213919"}],"wp:attachment":[{"href":"https:\/\/archive.sana.sy\/es\/index.php?rest_route=%2Fwp%2Fv2%2Fmedia&parent=213918"}],"wp:term":[{"taxonomy":"category","embeddable":true,"href":"https:\/\/archive.sana.sy\/es\/index.php?rest_route=%2Fwp%2Fv2%2Fcategories&post=213918"},{"taxonomy":"post_tag","embeddable":true,"href":"https:\/\/archive.sana.sy\/es\/index.php?rest_route=%2Fwp%2Fv2%2Ftags&post=213918"}],"curies":[{"name":"wp","href":"https:\/\/api.w.org\/{rel}","templated":true}]}}