{"id":213934,"date":"2022-01-10T18:47:17","date_gmt":"2022-01-10T16:47:17","guid":{"rendered":"http:\/\/107.6.182.27\/es\/?p=213934"},"modified":"2022-01-10T18:47:17","modified_gmt":"2022-01-10T16:47:17","slug":"la-poblacion-se-vacuna-a-ritmo-acelerado-contra-el-covid-19","status":"publish","type":"post","link":"https:\/\/archive.sana.sy\/es\/?p=213934","title":{"rendered":"La poblaci\u00f3n se vacuna a ritmo acelerado contra el Covid-19"},"content":{"rendered":"<p style=\"text-align: justify;\"><span style=\"color: #800000;\"><strong>Damasco, 10 ene (SANA)\u00a0 \u00a0<\/strong><\/span>El subdirector de Salud de Damasco rural, Iyad Taijan, indic\u00f3 que el n\u00famero de personas inmunizadas contra el Covid-19 en la provincia de Damasco rural aument\u00f3 en un 60% con respecto al per\u00edodo anterior.<\/p>\n<p style=\"text-align: justify;\">En una declaraci\u00f3n a SANA, Taijan explic\u00f3 que el n\u00famero de personas vacunadas ha aumentado notablemente como resultado de la movilizaci\u00f3n de 60 equipos m\u00f3viles que proporcionan vacunas in situ.<\/p>\n<p style=\"text-align: justify;\">El jefe del programa de vacunas de la Direcci\u00f3n de Salud de Damasco rural, Akram Matouk, destac\u00f3 que la demanda de vacunas ha aumentado desde principios de diciembre del a\u00f1o que finaliz\u00f3.<\/p>\n<p style=\"text-align: justify;\">Maatuk resalt\u00f3 que el programa de monitoreo de efectos secundarios no detect\u00f3 ning\u00fan efecto grave de la vacuna ni casos que requirieran hospitalizaci\u00f3n.<\/p>\n<p style=\"text-align: justify;\"><em><strong>ah\/rsh<\/strong><\/em><\/p>\n","protected":false},"excerpt":{"rendered":"<p>Damasco, 10 ene (SANA)\u00a0 \u00a0El subdirector de Salud de Damasco rural, Iyad Taijan, indic\u00f3 que el n\u00famero de personas inmunizadas contra el Covid-19 en la provincia de Damasco rural aument\u00f3 en un 60% con respecto al per\u00edodo anterior. En una declaraci\u00f3n a SANA, Taijan explic\u00f3 que el n\u00famero de personas vacunadas ha aumentado notablemente como &hellip;<\/p>\n","protected":false},"author":30,"featured_media":213935,"comment_status":"closed","ping_status":"closed","sticky":false,"template":"","format":"standard","meta":{"footnotes":""},"categories":[597,476,457,7541],"tags":[],"class_list":["post-213934","post","type-post","status-publish","format-standard","has-post-thumbnail","","category-cinta-de-noticias","category-locales","category-noticias-arabe-internacional-politica","category-ultimas-noticias"],"_links":{"self":[{"href":"https:\/\/archive.sana.sy\/es\/index.php?rest_route=\/wp\/v2\/posts\/213934"}],"collection":[{"href":"https:\/\/archive.sana.sy\/es\/index.php?rest_route=\/wp\/v2\/posts"}],"about":[{"href":"https:\/\/archive.sana.sy\/es\/index.php?rest_route=\/wp\/v2\/types\/post"}],"author":[{"embeddable":true,"href":"https:\/\/archive.sana.sy\/es\/index.php?rest_route=\/wp\/v2\/users\/30"}],"replies":[{"embeddable":true,"href":"https:\/\/archive.sana.sy\/es\/index.php?rest_route=%2Fwp%2Fv2%2Fcomments&post=213934"}],"version-history":[{"count":0,"href":"https:\/\/archive.sana.sy\/es\/index.php?rest_route=\/wp\/v2\/posts\/213934\/revisions"}],"wp:featuredmedia":[{"embeddable":true,"href":"https:\/\/archive.sana.sy\/es\/index.php?rest_route=\/wp\/v2\/media\/213935"}],"wp:attachment":[{"href":"https:\/\/archive.sana.sy\/es\/index.php?rest_route=%2Fwp%2Fv2%2Fmedia&parent=213934"}],"wp:term":[{"taxonomy":"category","embeddable":true,"href":"https:\/\/archive.sana.sy\/es\/index.php?rest_route=%2Fwp%2Fv2%2Fcategories&post=213934"},{"taxonomy":"post_tag","embeddable":true,"href":"https:\/\/archive.sana.sy\/es\/index.php?rest_route=%2Fwp%2Fv2%2Ftags&post=213934"}],"curies":[{"name":"wp","href":"https:\/\/api.w.org\/{rel}","templated":true}]}}