{"id":213937,"date":"2022-01-10T19:06:07","date_gmt":"2022-01-10T17:06:07","guid":{"rendered":"http:\/\/107.6.182.27\/es\/?p=213937"},"modified":"2022-01-10T19:06:07","modified_gmt":"2022-01-10T17:06:07","slug":"primer-ministro-destaca-rol-de-los-medios-de-comunicacion-nacionales","status":"publish","type":"post","link":"https:\/\/archive.sana.sy\/es\/?p=213937","title":{"rendered":"Primer Ministro destaca rol de los medios de comunicaci\u00f3n nacionales"},"content":{"rendered":"<p style=\"text-align: justify;\"><span style=\"color: #800000;\"><strong>Damasco, 10 ene (SANA)\u00a0 <\/strong><\/span>El presidente del Consejo de Ministros, Hussein Arnous, reiter\u00f3 que gobierno continuar\u00e1 su apoyo a los medios de comunicaci\u00f3n nacionales para fortalecer su papel como v\u00ednculo directo entre los ciudadanos y las instituciones estatales para transmitir las preocupaciones y problemas del ciudadano de manera transparente.<\/p>\n<p style=\"text-align: justify;\">Durante su reuni\u00f3n con el Presidente y los miembros de la Oficina Ejecutiva de la Uni\u00f3n de Periodistas, Arnous elogi\u00f3 los esfuerzos del personal de los diferentes medios nacionales para mostrar la verdad sobre la guerra, el asedio y las sanciones injustas que han repercutido negativamente en la vida y el sustento del ciudadano sirio.<\/p>\n<p style=\"text-align: justify;\">Asimismo, el Premier expres\u00f3 el aprecio del gobierno sirio por los sacrificios de los periodistas sirios al estar codo a codo con el Ej\u00e9rcito en todos los frentes.<\/p>\n<p style=\"text-align: justify;\">El jefe del Gabinete tambi\u00e9n destac\u00f3 el entusiasmo del gobierno para que la Uni\u00f3n de Periodistas desempe\u00f1e plenamente su papel en las esferas interna y externa.<\/p>\n<p style=\"text-align: justify;\"><em><strong>ah\/rsh<\/strong><\/em><\/p>\n","protected":false},"excerpt":{"rendered":"<p>Damasco, 10 ene (SANA)\u00a0 El presidente del Consejo de Ministros, Hussein Arnous, reiter\u00f3 que gobierno continuar\u00e1 su apoyo a los medios de comunicaci\u00f3n nacionales para fortalecer su papel como v\u00ednculo directo entre los ciudadanos y las instituciones estatales para transmitir las preocupaciones y problemas del ciudadano de manera transparente. Durante su reuni\u00f3n con el Presidente &hellip;<\/p>\n","protected":false},"author":30,"featured_media":213938,"comment_status":"closed","ping_status":"closed","sticky":false,"template":"","format":"standard","meta":{"footnotes":""},"categories":[597,476,457,7541],"tags":[],"class_list":["post-213937","post","type-post","status-publish","format-standard","has-post-thumbnail","","category-cinta-de-noticias","category-locales","category-noticias-arabe-internacional-politica","category-ultimas-noticias"],"_links":{"self":[{"href":"https:\/\/archive.sana.sy\/es\/index.php?rest_route=\/wp\/v2\/posts\/213937"}],"collection":[{"href":"https:\/\/archive.sana.sy\/es\/index.php?rest_route=\/wp\/v2\/posts"}],"about":[{"href":"https:\/\/archive.sana.sy\/es\/index.php?rest_route=\/wp\/v2\/types\/post"}],"author":[{"embeddable":true,"href":"https:\/\/archive.sana.sy\/es\/index.php?rest_route=\/wp\/v2\/users\/30"}],"replies":[{"embeddable":true,"href":"https:\/\/archive.sana.sy\/es\/index.php?rest_route=%2Fwp%2Fv2%2Fcomments&post=213937"}],"version-history":[{"count":0,"href":"https:\/\/archive.sana.sy\/es\/index.php?rest_route=\/wp\/v2\/posts\/213937\/revisions"}],"wp:featuredmedia":[{"embeddable":true,"href":"https:\/\/archive.sana.sy\/es\/index.php?rest_route=\/wp\/v2\/media\/213938"}],"wp:attachment":[{"href":"https:\/\/archive.sana.sy\/es\/index.php?rest_route=%2Fwp%2Fv2%2Fmedia&parent=213937"}],"wp:term":[{"taxonomy":"category","embeddable":true,"href":"https:\/\/archive.sana.sy\/es\/index.php?rest_route=%2Fwp%2Fv2%2Fcategories&post=213937"},{"taxonomy":"post_tag","embeddable":true,"href":"https:\/\/archive.sana.sy\/es\/index.php?rest_route=%2Fwp%2Fv2%2Ftags&post=213937"}],"curies":[{"name":"wp","href":"https:\/\/api.w.org\/{rel}","templated":true}]}}