{"id":213940,"date":"2022-01-10T19:32:00","date_gmt":"2022-01-10T17:32:00","guid":{"rendered":"http:\/\/107.6.182.27\/es\/?p=213940"},"modified":"2022-01-10T21:06:56","modified_gmt":"2022-01-10T19:06:56","slug":"22-mil-personas-se-incorporaron-al-proceso-de-reconciliacion-en-deir-ezzor","status":"publish","type":"post","link":"https:\/\/archive.sana.sy\/es\/?p=213940","title":{"rendered":"22 mil personas se incorporaron al proceso de reconciliaci\u00f3n en Deir Ezzor"},"content":{"rendered":"<p style=\"text-align: justify;\"><span style=\"color: #800000;\"><strong>Deir Ezzor, 10 ene (SANA)\u00a0 \u00a0<\/strong><\/span>El Centro de reconciliaci\u00f3n integral para los pr\u00f3fugos en la ciudad de al-Shamitiyeh, al oeste de la provincia de Deir Ezzor, contin\u00faa recibiendo a los deseosos de normalizar su estatus jur\u00eddico en el marco del proceso de reconciliaci\u00f3n propuesto por el Estado sirio.<\/p>\n<p style=\"text-align: justify;\">Nuestro corresponsal en Deir Ezzor indic\u00f3 que la fuerte concurrencia al Centro de reconciliaci\u00f3n en al-Shamitiyeh aument\u00f3 alcanzando la cifra de 22 mil personas que normalizaron su estatus jur\u00eddico en la provincia de Deir Ezzor y su campo desde el comienzo del referido proceso el 14 de noviembre del a\u00f1o pasado.<\/p>\n<p style=\"text-align: justify;\">Varios de los lugare\u00f1os que normalizaron su estatus jur\u00eddico se\u00f1alaron que el proceso se lleva a cabo con facilidad y que se les permite volver a sus vidas normales.<\/p>\n<p style=\"text-align: justify;\">El proceso de reconciliaci\u00f3n continuar\u00e1 durante los pr\u00f3ximos d\u00edas para permitir que los civiles y militares pr\u00f3fugos de los servicios obligatorios y de reserva regresen al seno de la patria.<\/p>\n<p style=\"text-align: justify;\"><em><strong>ah\/rsh<\/strong><\/em><\/p>\n","protected":false},"excerpt":{"rendered":"<p>Deir Ezzor, 10 ene (SANA)\u00a0 \u00a0El Centro de reconciliaci\u00f3n integral para los pr\u00f3fugos en la ciudad de al-Shamitiyeh, al oeste de la provincia de Deir Ezzor, contin\u00faa recibiendo a los deseosos de normalizar su estatus jur\u00eddico en el marco del proceso de reconciliaci\u00f3n propuesto por el Estado sirio. Nuestro corresponsal en Deir Ezzor indic\u00f3 que &hellip;<\/p>\n","protected":false},"author":30,"featured_media":213941,"comment_status":"closed","ping_status":"closed","sticky":false,"template":"","format":"standard","meta":{"footnotes":""},"categories":[597,476,7541],"tags":[7161,10402,6553],"class_list":["post-213940","post","type-post","status-publish","format-standard","has-post-thumbnail","","category-cinta-de-noticias","category-locales","category-ultimas-noticias","tag-damasco","tag-deir-ezzor","tag-siria"],"_links":{"self":[{"href":"https:\/\/archive.sana.sy\/es\/index.php?rest_route=\/wp\/v2\/posts\/213940"}],"collection":[{"href":"https:\/\/archive.sana.sy\/es\/index.php?rest_route=\/wp\/v2\/posts"}],"about":[{"href":"https:\/\/archive.sana.sy\/es\/index.php?rest_route=\/wp\/v2\/types\/post"}],"author":[{"embeddable":true,"href":"https:\/\/archive.sana.sy\/es\/index.php?rest_route=\/wp\/v2\/users\/30"}],"replies":[{"embeddable":true,"href":"https:\/\/archive.sana.sy\/es\/index.php?rest_route=%2Fwp%2Fv2%2Fcomments&post=213940"}],"version-history":[{"count":0,"href":"https:\/\/archive.sana.sy\/es\/index.php?rest_route=\/wp\/v2\/posts\/213940\/revisions"}],"wp:featuredmedia":[{"embeddable":true,"href":"https:\/\/archive.sana.sy\/es\/index.php?rest_route=\/wp\/v2\/media\/213941"}],"wp:attachment":[{"href":"https:\/\/archive.sana.sy\/es\/index.php?rest_route=%2Fwp%2Fv2%2Fmedia&parent=213940"}],"wp:term":[{"taxonomy":"category","embeddable":true,"href":"https:\/\/archive.sana.sy\/es\/index.php?rest_route=%2Fwp%2Fv2%2Fcategories&post=213940"},{"taxonomy":"post_tag","embeddable":true,"href":"https:\/\/archive.sana.sy\/es\/index.php?rest_route=%2Fwp%2Fv2%2Ftags&post=213940"}],"curies":[{"name":"wp","href":"https:\/\/api.w.org\/{rel}","templated":true}]}}