{"id":213943,"date":"2022-01-10T19:44:02","date_gmt":"2022-01-10T17:44:02","guid":{"rendered":"http:\/\/107.6.182.27\/es\/?p=213943"},"modified":"2022-01-10T19:44:02","modified_gmt":"2022-01-10T17:44:02","slug":"delegacion-emirati-valora-exhibiciones-en-el-pabellon-sirio-en-la-expo-dubai-2020","status":"publish","type":"post","link":"https:\/\/archive.sana.sy\/es\/?p=213943","title":{"rendered":"Delegaci\u00f3n emirat\u00ed valora exhibiciones en el pabell\u00f3n sirio en la Expo Dub\u00e1i 2020"},"content":{"rendered":"<p style=\"text-align: justify;\"><span style=\"color: #800000;\"><strong>Dub\u00e1i, 10 ene (SANA)\u00a0 \u00a0 <\/strong><\/span>Una delegaci\u00f3n emirat\u00ed encabezada por la jequesa Mahra bint Mohammed bin Rashid Al Maktoum, hija del emir de Dub\u00e1i, expres\u00f3 su admiraci\u00f3n por las exhibiciones del pabell\u00f3n sirio que participa en la Expo Dub\u00e1i 2020.<\/p>\n<p style=\"text-align: justify;\">La delegaci\u00f3n de los Emiratos \u00c1rabes Unidos, encabezada por la jequesa Mehra, recorri\u00f3 las diversas secciones del pabell\u00f3n y revis\u00f3 sus exhibiciones, incluida una r\u00e9plica del alfabeto de Ugarit y una presentaci\u00f3n audiovisual de la canci\u00f3n &#8220;Nikal&#8221;, la grabaci\u00f3n musical m\u00e1s antigua de la historia.<\/p>\n<p style=\"text-align: justify;\">La delegaci\u00f3n emirat\u00ed contempl\u00f3 una serie de pinturas en la exposici\u00f3n &#8220;Yo el Sirio&#8221;, donde expres\u00f3 su admiraci\u00f3n por la idea de la exposici\u00f3n, que llama a pensar en el ego individual y colectivo.<\/p>\n<p style=\"text-align: justify;\"><em><strong>ah\/rsh\/fm<\/strong><\/em><\/p>\n","protected":false},"excerpt":{"rendered":"<p>Dub\u00e1i, 10 ene (SANA)\u00a0 \u00a0 Una delegaci\u00f3n emirat\u00ed encabezada por la jequesa Mahra bint Mohammed bin Rashid Al Maktoum, hija del emir de Dub\u00e1i, expres\u00f3 su admiraci\u00f3n por las exhibiciones del pabell\u00f3n sirio que participa en la Expo Dub\u00e1i 2020. La delegaci\u00f3n de los Emiratos \u00c1rabes Unidos, encabezada por la jequesa Mehra, recorri\u00f3 las diversas &hellip;<\/p>\n","protected":false},"author":30,"featured_media":213944,"comment_status":"closed","ping_status":"closed","sticky":false,"template":"","format":"standard","meta":{"footnotes":""},"categories":[597,467,583],"tags":[20644,19686,6553,20230],"class_list":["post-213943","post","type-post","status-publish","format-standard","has-post-thumbnail","","category-cinta-de-noticias","category-siria-y-el-mundo","category-slide","tag-dubai-expo-2020","tag-eau","tag-siria","tag-uae"],"_links":{"self":[{"href":"https:\/\/archive.sana.sy\/es\/index.php?rest_route=\/wp\/v2\/posts\/213943"}],"collection":[{"href":"https:\/\/archive.sana.sy\/es\/index.php?rest_route=\/wp\/v2\/posts"}],"about":[{"href":"https:\/\/archive.sana.sy\/es\/index.php?rest_route=\/wp\/v2\/types\/post"}],"author":[{"embeddable":true,"href":"https:\/\/archive.sana.sy\/es\/index.php?rest_route=\/wp\/v2\/users\/30"}],"replies":[{"embeddable":true,"href":"https:\/\/archive.sana.sy\/es\/index.php?rest_route=%2Fwp%2Fv2%2Fcomments&post=213943"}],"version-history":[{"count":0,"href":"https:\/\/archive.sana.sy\/es\/index.php?rest_route=\/wp\/v2\/posts\/213943\/revisions"}],"wp:featuredmedia":[{"embeddable":true,"href":"https:\/\/archive.sana.sy\/es\/index.php?rest_route=\/wp\/v2\/media\/213944"}],"wp:attachment":[{"href":"https:\/\/archive.sana.sy\/es\/index.php?rest_route=%2Fwp%2Fv2%2Fmedia&parent=213943"}],"wp:term":[{"taxonomy":"category","embeddable":true,"href":"https:\/\/archive.sana.sy\/es\/index.php?rest_route=%2Fwp%2Fv2%2Fcategories&post=213943"},{"taxonomy":"post_tag","embeddable":true,"href":"https:\/\/archive.sana.sy\/es\/index.php?rest_route=%2Fwp%2Fv2%2Ftags&post=213943"}],"curies":[{"name":"wp","href":"https:\/\/api.w.org\/{rel}","templated":true}]}}