{"id":214014,"date":"2022-01-11T13:23:26","date_gmt":"2022-01-11T11:23:26","guid":{"rendered":"http:\/\/107.6.182.27\/es\/?p=214014"},"modified":"2023-01-10T16:39:11","modified_gmt":"2023-01-10T14:39:11","slug":"cuba-e-iran-abogan-por-fortalecer-relaciones-ante-bloqueo-de-eeuu","status":"publish","type":"post","link":"https:\/\/archive.sana.sy\/es\/?p=214014","title":{"rendered":"Cuba e Ir\u00e1n abogan por fortalecer relaciones ante bloqueo de EEUU"},"content":{"rendered":"<p style=\"text-align: justify;\">Managua, 11 ene (SANA)\u00a0 \u00a0 El presidente cubano Miguel D\u00edaz-Canel, y el vicepresidente para Asuntos Econ\u00f3micos de Ir\u00e1n, Mohsen Rezaei, destacaron la importancia de fortalecer las relaciones bilaterales entre ambos pa\u00edses para enfrentar el injusto bloqueo impuesto por Estados Unidos.<\/p>\n<p style=\"text-align: justify;\">Ambos partes sostuvieron un encuentro en Managua al margen del acto de investidura del presidente Daniel Ortega.<\/p>\n<p style=\"text-align: justify;\">Recalcaron el desarrollo y consolidaci\u00f3n de la cooperaci\u00f3n en diversos aspectos econ\u00f3micos, adem\u00e1s de la salud y la Industria farmac\u00e9utica.<\/p>\n<p style=\"text-align: justify;\">Cuba enfrenta desde hace m\u00e1s de 60 a\u00f1os un bloqueo econ\u00f3mico por parte de Estados Unidos, que tambi\u00e9n impone embargo econ\u00f3mico a Ir\u00e1n despu\u00e9s de que Estados Unidos se retirara unilateralmente del acuerdo nuclear en 2018.<\/p>\n<p style=\"text-align: justify;\">ed\/fm<\/p>\n","protected":false},"excerpt":{"rendered":"<p>Managua, 11 ene (SANA)\u00a0 \u00a0 El presidente cubano Miguel D\u00edaz-Canel, y el vicepresidente para Asuntos Econ\u00f3micos de Ir\u00e1n, Mohsen Rezaei, destacaron la importancia de fortalecer las relaciones bilaterales entre ambos pa\u00edses para enfrentar el injusto bloqueo impuesto por Estados Unidos. Ambos partes sostuvieron un encuentro en Managua al margen del acto de investidura del presidente &hellip;<\/p>\n","protected":false},"author":32,"featured_media":214015,"comment_status":"closed","ping_status":"closed","sticky":false,"template":"","format":"standard","meta":{"footnotes":""},"categories":[597,456,7541],"tags":[6868,7132,2866],"class_list":["post-214014","post","type-post","status-publish","format-standard","has-post-thumbnail","","category-cinta-de-noticias","category-arabe-internacional-politica","category-ultimas-noticias","tag-cuba","tag-eeuu","tag-iran"],"_links":{"self":[{"href":"https:\/\/archive.sana.sy\/es\/index.php?rest_route=\/wp\/v2\/posts\/214014"}],"collection":[{"href":"https:\/\/archive.sana.sy\/es\/index.php?rest_route=\/wp\/v2\/posts"}],"about":[{"href":"https:\/\/archive.sana.sy\/es\/index.php?rest_route=\/wp\/v2\/types\/post"}],"author":[{"embeddable":true,"href":"https:\/\/archive.sana.sy\/es\/index.php?rest_route=\/wp\/v2\/users\/32"}],"replies":[{"embeddable":true,"href":"https:\/\/archive.sana.sy\/es\/index.php?rest_route=%2Fwp%2Fv2%2Fcomments&post=214014"}],"version-history":[{"count":0,"href":"https:\/\/archive.sana.sy\/es\/index.php?rest_route=\/wp\/v2\/posts\/214014\/revisions"}],"wp:featuredmedia":[{"embeddable":true,"href":"https:\/\/archive.sana.sy\/es\/index.php?rest_route=\/wp\/v2\/media\/214015"}],"wp:attachment":[{"href":"https:\/\/archive.sana.sy\/es\/index.php?rest_route=%2Fwp%2Fv2%2Fmedia&parent=214014"}],"wp:term":[{"taxonomy":"category","embeddable":true,"href":"https:\/\/archive.sana.sy\/es\/index.php?rest_route=%2Fwp%2Fv2%2Fcategories&post=214014"},{"taxonomy":"post_tag","embeddable":true,"href":"https:\/\/archive.sana.sy\/es\/index.php?rest_route=%2Fwp%2Fv2%2Ftags&post=214014"}],"curies":[{"name":"wp","href":"https:\/\/api.w.org\/{rel}","templated":true}]}}