{"id":214017,"date":"2022-01-11T13:26:43","date_gmt":"2022-01-11T11:26:43","guid":{"rendered":"http:\/\/107.6.182.27\/es\/?p=214017"},"modified":"2023-01-10T16:39:11","modified_gmt":"2023-01-10T14:39:11","slug":"tropas-sionistas-atacan-a-agricultores-y-pescadores-palestinos-en-gaza","status":"publish","type":"post","link":"https:\/\/archive.sana.sy\/es\/?p=214017","title":{"rendered":"Tropas sionistas atacan a agricultores y pescadores palestinos en Gaza"},"content":{"rendered":"<p style=\"text-align: justify;\"><strong><span style=\"color: #800000;\">Jerusal\u00e9n ocupada, 11 ene (SANA)<\/span> <\/strong>Las tropas sionistas reanudaron sus ataques contra los agricultores y pescadores palestinos en la Franja de Gaza.<\/p>\n<p style=\"text-align: justify;\">Seg\u00fan divulgo la agencia WAFA, los militares israel\u00edes abrieron el fuego contra los agricultores palestinos en el este de Deir al-Balah, mientras la marina de ocupaci\u00f3n atac\u00f3 con sus ametralladoras a los barcos de pescadores palestinos en el mar de Gaza.<\/p>\n<p style=\"text-align: justify;\">Las fuerzas de ocupaci\u00f3n atacan deliberadamente a los pescadores palestinos para evitar que ejerzan la profesi\u00f3n de pesca, que es su \u00fanica fuente de sustento a la luz del injusto asedio impuesto a la Franja durante a\u00f1os.<\/p>\n<p style=\"text-align: justify;\">ed\/fm<\/p>\n","protected":false},"excerpt":{"rendered":"<p>Jerusal\u00e9n ocupada, 11 ene (SANA) Las tropas sionistas reanudaron sus ataques contra los agricultores y pescadores palestinos en la Franja de Gaza. Seg\u00fan divulgo la agencia WAFA, los militares israel\u00edes abrieron el fuego contra los agricultores palestinos en el este de Deir al-Balah, mientras la marina de ocupaci\u00f3n atac\u00f3 con sus ametralladoras a los barcos &hellip;<\/p>\n","protected":false},"author":32,"featured_media":214018,"comment_status":"closed","ping_status":"closed","sticky":false,"template":"","format":"standard","meta":{"footnotes":""},"categories":[597,456,7541],"tags":[10660],"class_list":["post-214017","post","type-post","status-publish","format-standard","has-post-thumbnail","","category-cinta-de-noticias","category-arabe-internacional-politica","category-ultimas-noticias","tag-jerusalen-ocupada"],"_links":{"self":[{"href":"https:\/\/archive.sana.sy\/es\/index.php?rest_route=\/wp\/v2\/posts\/214017"}],"collection":[{"href":"https:\/\/archive.sana.sy\/es\/index.php?rest_route=\/wp\/v2\/posts"}],"about":[{"href":"https:\/\/archive.sana.sy\/es\/index.php?rest_route=\/wp\/v2\/types\/post"}],"author":[{"embeddable":true,"href":"https:\/\/archive.sana.sy\/es\/index.php?rest_route=\/wp\/v2\/users\/32"}],"replies":[{"embeddable":true,"href":"https:\/\/archive.sana.sy\/es\/index.php?rest_route=%2Fwp%2Fv2%2Fcomments&post=214017"}],"version-history":[{"count":0,"href":"https:\/\/archive.sana.sy\/es\/index.php?rest_route=\/wp\/v2\/posts\/214017\/revisions"}],"wp:featuredmedia":[{"embeddable":true,"href":"https:\/\/archive.sana.sy\/es\/index.php?rest_route=\/wp\/v2\/media\/214018"}],"wp:attachment":[{"href":"https:\/\/archive.sana.sy\/es\/index.php?rest_route=%2Fwp%2Fv2%2Fmedia&parent=214017"}],"wp:term":[{"taxonomy":"category","embeddable":true,"href":"https:\/\/archive.sana.sy\/es\/index.php?rest_route=%2Fwp%2Fv2%2Fcategories&post=214017"},{"taxonomy":"post_tag","embeddable":true,"href":"https:\/\/archive.sana.sy\/es\/index.php?rest_route=%2Fwp%2Fv2%2Ftags&post=214017"}],"curies":[{"name":"wp","href":"https:\/\/api.w.org\/{rel}","templated":true}]}}