{"id":214055,"date":"2022-01-11T13:23:31","date_gmt":"2022-01-11T11:23:31","guid":{"rendered":"http:\/\/107.6.182.27\/es\/?p=214055"},"modified":"2023-01-10T14:21:31","modified_gmt":"2023-01-10T12:21:31","slug":"aumenta-al-13-la-tasa-de-vacunacion-en-provincia-de-latakia","status":"publish","type":"post","link":"https:\/\/archive.sana.sy\/es\/?p=214055","title":{"rendered":"Aumenta al 13% la tasa de vacunaci\u00f3n contra el covid-19 en provincia de Latakia"},"content":{"rendered":"<p style=\"text-align: justify\"><span style=\"color: #800000\"><strong>Latakia, 11 ene (SANA)<\/strong><\/span>\u00a0 El director de Salud de la provincia de Latakia inform\u00f3 que la curva de vacunaci\u00f3n contra el covid-19 ha aumentado al 13 % y seguir\u00e1 ascendiendo hasta el 17% en 20 d\u00edas.<\/p>\n<p style=\"text-align: justify\">\u201c90 centros de salud en la provincia est\u00e1n dispuestos a dar la vacuna\u201d, destac\u00f3, y agreg\u00f3 que tambi\u00e9n hay equipos ambulantes que recorren las instituciones para inmunizar a la gente que desea.<\/p>\n<p style=\"text-align: justify\">Subray\u00f3 que la gente es cada vez m\u00e1s conscientes de la necesidad de colocar la vacuna \u00a0por su papel en detener la propagaci\u00f3n de la pandemia.<\/p>\n<p style=\"text-align: justify\">la<\/p>\n","protected":false},"excerpt":{"rendered":"<p>Latakia, 11 ene (SANA)\u00a0 El director de Salud de la provincia de Latakia inform\u00f3 que la curva de vacunaci\u00f3n contra el covid-19 ha aumentado al 13 % y seguir\u00e1 ascendiendo hasta el 17% en 20 d\u00edas. \u201c90 centros de salud en la provincia est\u00e1n dispuestos a dar la vacuna\u201d, destac\u00f3, y agreg\u00f3 que tambi\u00e9n hay &hellip;<\/p>\n","protected":false},"author":24,"featured_media":214056,"comment_status":"closed","ping_status":"closed","sticky":false,"template":"","format":"standard","meta":{"footnotes":""},"categories":[447,597,476,7541],"tags":[],"class_list":["post-214055","post","type-post","status-publish","format-standard","has-post-thumbnail","","category-local-politica","category-cinta-de-noticias","category-locales","category-ultimas-noticias"],"_links":{"self":[{"href":"https:\/\/archive.sana.sy\/es\/index.php?rest_route=\/wp\/v2\/posts\/214055"}],"collection":[{"href":"https:\/\/archive.sana.sy\/es\/index.php?rest_route=\/wp\/v2\/posts"}],"about":[{"href":"https:\/\/archive.sana.sy\/es\/index.php?rest_route=\/wp\/v2\/types\/post"}],"author":[{"embeddable":true,"href":"https:\/\/archive.sana.sy\/es\/index.php?rest_route=\/wp\/v2\/users\/24"}],"replies":[{"embeddable":true,"href":"https:\/\/archive.sana.sy\/es\/index.php?rest_route=%2Fwp%2Fv2%2Fcomments&post=214055"}],"version-history":[{"count":0,"href":"https:\/\/archive.sana.sy\/es\/index.php?rest_route=\/wp\/v2\/posts\/214055\/revisions"}],"wp:featuredmedia":[{"embeddable":true,"href":"https:\/\/archive.sana.sy\/es\/index.php?rest_route=\/wp\/v2\/media\/214056"}],"wp:attachment":[{"href":"https:\/\/archive.sana.sy\/es\/index.php?rest_route=%2Fwp%2Fv2%2Fmedia&parent=214055"}],"wp:term":[{"taxonomy":"category","embeddable":true,"href":"https:\/\/archive.sana.sy\/es\/index.php?rest_route=%2Fwp%2Fv2%2Fcategories&post=214055"},{"taxonomy":"post_tag","embeddable":true,"href":"https:\/\/archive.sana.sy\/es\/index.php?rest_route=%2Fwp%2Fv2%2Ftags&post=214055"}],"curies":[{"name":"wp","href":"https:\/\/api.w.org\/{rel}","templated":true}]}}