{"id":214117,"date":"2022-01-12T10:38:39","date_gmt":"2022-01-12T08:38:39","guid":{"rendered":"http:\/\/107.6.182.27\/es\/?p=214117"},"modified":"2023-01-10T14:21:30","modified_gmt":"2023-01-10T12:21:30","slug":"armados-asesinan-al-responsable-de-prensa-de-la-milicia-separatista-proestadounidense-fds","status":"publish","type":"post","link":"https:\/\/archive.sana.sy\/es\/?p=214117","title":{"rendered":"Armados asesinan al responsable de prensa de la milicia separatista proestadounidense FDS"},"content":{"rendered":"<p style=\"text-align: justify;\"><span style=\"color: #800000;\"><strong>Deir Ezzor, 12 ene (SANA)<\/strong><\/span> Armados no identificados mataron hoy al responsable de prensa de la milicia proestadounidense (FDS).<\/p>\n<p style=\"text-align: justify;\">Seg\u00fan report\u00f3 el corresponsal de SANA, el incidente ocurri\u00f3 cerca de la base del ocupante norteamericano en el campo petrolero de Al-Omar al este de la provincia de Deir Ezzor.<\/p>\n<p style=\"text-align: justify;\">El cuerpo de otro miliciano de FDS fue encontrado en una de las calles de la ciudad de Hajin en el oriente de la referida provincia, agregaron.<\/p>\n<p style=\"text-align: justify;\">El \u00faltimo martes, varios integrantes de FDS murieron y otros resultaron heridos cuando un artefacto explosivo colocado por grupos populares explot\u00f3 en la aldea de al-Takihi en el norte de Deir Ezzor.<\/p>\n<p style=\"text-align: justify;\">fm\/ed<\/p>\n","protected":false},"excerpt":{"rendered":"<p>Deir Ezzor, 12 ene (SANA) Armados no identificados mataron hoy al responsable de prensa de la milicia proestadounidense (FDS). Seg\u00fan report\u00f3 el corresponsal de SANA, el incidente ocurri\u00f3 cerca de la base del ocupante norteamericano en el campo petrolero de Al-Omar al este de la provincia de Deir Ezzor. El cuerpo de otro miliciano de &hellip;<\/p>\n","protected":false},"author":32,"featured_media":214118,"comment_status":"closed","ping_status":"closed","sticky":false,"template":"","format":"standard","meta":{"footnotes":""},"categories":[447,597,476,7541],"tags":[10402,19605],"class_list":["post-214117","post","type-post","status-publish","format-standard","has-post-thumbnail","","category-local-politica","category-cinta-de-noticias","category-locales","category-ultimas-noticias","tag-deir-ezzor","tag-fds"],"_links":{"self":[{"href":"https:\/\/archive.sana.sy\/es\/index.php?rest_route=\/wp\/v2\/posts\/214117"}],"collection":[{"href":"https:\/\/archive.sana.sy\/es\/index.php?rest_route=\/wp\/v2\/posts"}],"about":[{"href":"https:\/\/archive.sana.sy\/es\/index.php?rest_route=\/wp\/v2\/types\/post"}],"author":[{"embeddable":true,"href":"https:\/\/archive.sana.sy\/es\/index.php?rest_route=\/wp\/v2\/users\/32"}],"replies":[{"embeddable":true,"href":"https:\/\/archive.sana.sy\/es\/index.php?rest_route=%2Fwp%2Fv2%2Fcomments&post=214117"}],"version-history":[{"count":0,"href":"https:\/\/archive.sana.sy\/es\/index.php?rest_route=\/wp\/v2\/posts\/214117\/revisions"}],"wp:featuredmedia":[{"embeddable":true,"href":"https:\/\/archive.sana.sy\/es\/index.php?rest_route=\/wp\/v2\/media\/214118"}],"wp:attachment":[{"href":"https:\/\/archive.sana.sy\/es\/index.php?rest_route=%2Fwp%2Fv2%2Fmedia&parent=214117"}],"wp:term":[{"taxonomy":"category","embeddable":true,"href":"https:\/\/archive.sana.sy\/es\/index.php?rest_route=%2Fwp%2Fv2%2Fcategories&post=214117"},{"taxonomy":"post_tag","embeddable":true,"href":"https:\/\/archive.sana.sy\/es\/index.php?rest_route=%2Fwp%2Fv2%2Ftags&post=214117"}],"curies":[{"name":"wp","href":"https:\/\/api.w.org\/{rel}","templated":true}]}}