{"id":214138,"date":"2022-01-12T11:50:53","date_gmt":"2022-01-12T09:50:53","guid":{"rendered":"http:\/\/107.6.182.27\/es\/?p=214138"},"modified":"2023-01-09T14:04:25","modified_gmt":"2023-01-09T12:04:25","slug":"proceso-de-reconciliacion-arranca-en-provincia-de-raqa","status":"publish","type":"post","link":"https:\/\/archive.sana.sy\/es\/?p=214138","title":{"rendered":"Proceso de reconciliaci\u00f3n arranca en provincia de Raqa"},"content":{"rendered":"<p style=\"text-align: justify;\"><span style=\"color: #800000;\"><strong>Raqa, 12 ene (SANA) <\/strong><span style=\"color: #333333;\">U<\/span><\/span>n centro de reconciliaci\u00f3n se abri\u00f3 en la ciudad de Al-Sabkhah en el oeste de la provincia nororiental de Raqa.<\/p>\n<p style=\"text-align: justify;\">Seg\u00fan inform\u00f3 el corresponsal de SANA, decenas de pr\u00f3fugos, fugitivos del servicio militar e integrantes de grupos armados ilegales comenzaron a acudir desde horas tempranas de este mi\u00e9rcoles al centro para deponer sus armas y entregarse al ej\u00e9rcito, para ser luego indultados.<\/p>\n<p style=\"text-align: justify;\">Un similar proceso se aplic\u00f3 en la provincia oriental de Deir Ezzor, ubicada a 450 kil\u00f3metros al nordeste de la capital, donde al menos 22 mil armados y pr\u00f3fugos fueron indultados durante el proceso de reconciliaci\u00f3n que presenci\u00f3.<\/p>\n<p style=\"text-align: justify;\">Igualmente, en la provincia de Deraa, en el sur del pa\u00eds, fueron indultados casi ocho mil personas.<\/p>\n<p style=\"text-align: justify;\">El Ej\u00e9rcito sirio ampli\u00f3 sus pol\u00edticas basadas en la reconciliaci\u00f3n para recuperar la normalidad en determinadas provincias y regiones sin recurrir a operaciones militares que podr\u00edan provocar p\u00e9rdidas materiales y de vidas humanas.<\/p>\n<p style=\"text-align: justify;\"><em><span style=\"color: #333333;\">sm\/fm<\/span><\/em><\/p>\n<p style=\"text-align: justify;\"><img loading=\"lazy\" decoding=\"async\" class=\"alignnone wp-image-214140 size-full\" src=\"http:\/\/107.6.182.27\/es\/wp-content\/uploads\/2022\/01\/raka-12.jpg\" alt=\"\" width=\"660\" height=\"370\" srcset=\"https:\/\/archive.sana.sy\/es\/wp-content\/uploads\/2022\/01\/raka-12.jpg 660w, https:\/\/archive.sana.sy\/es\/wp-content\/uploads\/2022\/01\/raka-12-300x168.jpg 300w, https:\/\/archive.sana.sy\/es\/wp-content\/uploads\/2022\/01\/raka-12-150x84.jpg 150w\" sizes=\"(max-width: 660px) 100vw, 660px\" \/><\/p>\n","protected":false},"excerpt":{"rendered":"<p>Raqa, 12 ene (SANA) Un centro de reconciliaci\u00f3n se abri\u00f3 en la ciudad de Al-Sabkhah en el oeste de la provincia nororiental de Raqa. Seg\u00fan inform\u00f3 el corresponsal de SANA, decenas de pr\u00f3fugos, fugitivos del servicio militar e integrantes de grupos armados ilegales comenzaron a acudir desde horas tempranas de este mi\u00e9rcoles al centro para &hellip;<\/p>\n","protected":false},"author":39,"featured_media":214139,"comment_status":"closed","ping_status":"closed","sticky":false,"template":"","format":"standard","meta":{"footnotes":""},"categories":[477,447,597,573,476,7541],"tags":[],"class_list":["post-214138","post","type-post","status-publish","format-standard","has-post-thumbnail","","category-noticias-edulcorantes","category-local-politica","category-cinta-de-noticias","category-la-realidad-de-los-acontecimientos-en-siria","category-locales","category-ultimas-noticias"],"_links":{"self":[{"href":"https:\/\/archive.sana.sy\/es\/index.php?rest_route=\/wp\/v2\/posts\/214138"}],"collection":[{"href":"https:\/\/archive.sana.sy\/es\/index.php?rest_route=\/wp\/v2\/posts"}],"about":[{"href":"https:\/\/archive.sana.sy\/es\/index.php?rest_route=\/wp\/v2\/types\/post"}],"author":[{"embeddable":true,"href":"https:\/\/archive.sana.sy\/es\/index.php?rest_route=\/wp\/v2\/users\/39"}],"replies":[{"embeddable":true,"href":"https:\/\/archive.sana.sy\/es\/index.php?rest_route=%2Fwp%2Fv2%2Fcomments&post=214138"}],"version-history":[{"count":0,"href":"https:\/\/archive.sana.sy\/es\/index.php?rest_route=\/wp\/v2\/posts\/214138\/revisions"}],"wp:featuredmedia":[{"embeddable":true,"href":"https:\/\/archive.sana.sy\/es\/index.php?rest_route=\/wp\/v2\/media\/214139"}],"wp:attachment":[{"href":"https:\/\/archive.sana.sy\/es\/index.php?rest_route=%2Fwp%2Fv2%2Fmedia&parent=214138"}],"wp:term":[{"taxonomy":"category","embeddable":true,"href":"https:\/\/archive.sana.sy\/es\/index.php?rest_route=%2Fwp%2Fv2%2Fcategories&post=214138"},{"taxonomy":"post_tag","embeddable":true,"href":"https:\/\/archive.sana.sy\/es\/index.php?rest_route=%2Fwp%2Fv2%2Ftags&post=214138"}],"curies":[{"name":"wp","href":"https:\/\/api.w.org\/{rel}","templated":true}]}}