{"id":214152,"date":"2022-01-12T12:31:54","date_gmt":"2022-01-12T10:31:54","guid":{"rendered":"http:\/\/107.6.182.27\/es\/?p=214152"},"modified":"2023-01-10T15:13:17","modified_gmt":"2023-01-10T13:13:17","slug":"siria-se-une-a-la-iniciativa-del-cinturon-economico-de-la-ruta-de-seda","status":"publish","type":"post","link":"https:\/\/archive.sana.sy\/es\/?p=214152","title":{"rendered":"Siria se une a la Iniciativa del Cintur\u00f3n Econ\u00f3mico de la Ruta de Seda"},"content":{"rendered":"<p><span style=\"color: #800000;\"><strong>Damasco, 12 ene (SANA) <\/strong><\/span>Siria y China firmaron un memorando de entendimiento en el marco de la iniciativa del Cintur\u00f3n Econ\u00f3mico de la Ruta de Seda en el Siglo XXI.<\/p>\n<p style=\"text-align: justify;\">El memor\u00e1ndum firmado por el jefe del \u00d3rgano de Planificaci\u00f3n, Fadi al-Khalil y el embajador de China en Damasco, Feng Biao.<\/p>\n<p style=\"text-align: justify;\">Siria se une a la iniciativa, lo que ayuda a abrir amplias perspectivas de cooperaci\u00f3n con China y una serie de pa\u00edses en varias \u00e1reas, incluido el intercambio de bienes, tecnolog\u00eda, capital, y activar el movimiento de personas, adem\u00e1s al intercambio cultural.<\/p>\n<p style=\"text-align: justify;\">El acuerdo incluye la definici\u00f3n de los objetivos de la futura cooperaci\u00f3n con los pa\u00edses socios en la iniciativa, sus principios rectores, \u00e1mbitos y formas.<\/p>\n<p>ed\/fm<\/p>\n","protected":false},"excerpt":{"rendered":"<p>Damasco, 12 ene (SANA) Siria y China firmaron un memorando de entendimiento en el marco de la iniciativa del Cintur\u00f3n Econ\u00f3mico de la Ruta de Seda en el Siglo XXI. El memor\u00e1ndum firmado por el jefe del \u00d3rgano de Planificaci\u00f3n, Fadi al-Khalil y el embajador de China en Damasco, Feng Biao. Siria se une a &hellip;<\/p>\n","protected":false},"author":32,"featured_media":214158,"comment_status":"closed","ping_status":"closed","sticky":false,"template":"","format":"standard","meta":{"footnotes":""},"categories":[597,485,467,583],"tags":[10768,6553],"class_list":["post-214152","post","type-post","status-publish","format-standard","has-post-thumbnail","","category-cinta-de-noticias","category-informes-negocios-y-finanzas","category-siria-y-el-mundo","category-slide","tag-china","tag-siria"],"_links":{"self":[{"href":"https:\/\/archive.sana.sy\/es\/index.php?rest_route=\/wp\/v2\/posts\/214152"}],"collection":[{"href":"https:\/\/archive.sana.sy\/es\/index.php?rest_route=\/wp\/v2\/posts"}],"about":[{"href":"https:\/\/archive.sana.sy\/es\/index.php?rest_route=\/wp\/v2\/types\/post"}],"author":[{"embeddable":true,"href":"https:\/\/archive.sana.sy\/es\/index.php?rest_route=\/wp\/v2\/users\/32"}],"replies":[{"embeddable":true,"href":"https:\/\/archive.sana.sy\/es\/index.php?rest_route=%2Fwp%2Fv2%2Fcomments&post=214152"}],"version-history":[{"count":0,"href":"https:\/\/archive.sana.sy\/es\/index.php?rest_route=\/wp\/v2\/posts\/214152\/revisions"}],"wp:featuredmedia":[{"embeddable":true,"href":"https:\/\/archive.sana.sy\/es\/index.php?rest_route=\/wp\/v2\/media\/214158"}],"wp:attachment":[{"href":"https:\/\/archive.sana.sy\/es\/index.php?rest_route=%2Fwp%2Fv2%2Fmedia&parent=214152"}],"wp:term":[{"taxonomy":"category","embeddable":true,"href":"https:\/\/archive.sana.sy\/es\/index.php?rest_route=%2Fwp%2Fv2%2Fcategories&post=214152"},{"taxonomy":"post_tag","embeddable":true,"href":"https:\/\/archive.sana.sy\/es\/index.php?rest_route=%2Fwp%2Fv2%2Ftags&post=214152"}],"curies":[{"name":"wp","href":"https:\/\/api.w.org\/{rel}","templated":true}]}}