{"id":214272,"date":"2022-01-13T15:27:56","date_gmt":"2022-01-13T13:27:56","guid":{"rendered":"http:\/\/107.6.182.27\/es\/?p=214272"},"modified":"2022-01-13T15:31:26","modified_gmt":"2022-01-13T13:31:26","slug":"cientos-de-militares-fugitivos-y-profugos-se-entregan-en-el-segundo-dia-del-proceso-de-reconciliacion-en-raqa","status":"publish","type":"post","link":"https:\/\/archive.sana.sy\/es\/?p=214272","title":{"rendered":"Cientos de militares fugitivos y pr\u00f3fugos se entregan en el segundo d\u00eda del proceso de reconciliaci\u00f3n en Raqa"},"content":{"rendered":"<p style=\"text-align: justify;\"><span style=\"color: #800000;\"><strong>Damasco, 13 ene (SANA)<\/strong><\/span>\u00a0 Cientos de pr\u00f3fugos, fugitivos del servicio militar e integrantes de grupos armados ilegales acudieron al centro de reconciliaci\u00f3n que se abri\u00f3 la v\u00edspera en la ciudad de Sabkhah en la provincia nororiental de Raqa, ubicada a 550 kil\u00f3metros al nordeste de la capital Damasco.<\/p>\n<p style=\"text-align: justify;\">Seg\u00fan inform\u00f3 el corresponsal de SANA, los armados que se entregan se benefician de un indulto y pueden volver a ejercer su vida con plena normalidad.<\/p>\n<p style=\"text-align: justify;\">Un similar proceso se aplic\u00f3 en la provincia oriental de Deir Ezzor, ubicada a 450 kil\u00f3metros al nordeste de la capital, donde al menos 22 mil armados y pr\u00f3fugos fueron indultados durante el proceso de reconciliaci\u00f3n que presenci\u00f3.<\/p>\n<p style=\"text-align: justify;\">Igualmente, en la provincia de Deraa, en el sur del pa\u00eds, fueron indultados casi ocho mil personas.<\/p>\n<p style=\"text-align: justify;\">El Ej\u00e9rcito sirio ampli\u00f3 sus pol\u00edticas basadas en la reconciliaci\u00f3n para recuperar la normalidad en determinadas provincias y regiones sin recurrir a operaciones militares que podr\u00edan provocar p\u00e9rdidas materiales y de vidas humanas.<\/p>\n<p style=\"text-align: justify;\"><strong>fm\/ah<\/strong><\/p>\n","protected":false},"excerpt":{"rendered":"<p>Damasco, 13 ene (SANA)\u00a0 Cientos de pr\u00f3fugos, fugitivos del servicio militar e integrantes de grupos armados ilegales acudieron al centro de reconciliaci\u00f3n que se abri\u00f3 la v\u00edspera en la ciudad de Sabkhah en la provincia nororiental de Raqa, ubicada a 550 kil\u00f3metros al nordeste de la capital Damasco. Seg\u00fan inform\u00f3 el corresponsal de SANA, los &hellip;<\/p>\n","protected":false},"author":30,"featured_media":214273,"comment_status":"closed","ping_status":"closed","sticky":false,"template":"","format":"standard","meta":{"footnotes":""},"categories":[597,573,457,583],"tags":[],"class_list":["post-214272","post","type-post","status-publish","format-standard","has-post-thumbnail","","category-cinta-de-noticias","category-la-realidad-de-los-acontecimientos-en-siria","category-noticias-arabe-internacional-politica","category-slide"],"_links":{"self":[{"href":"https:\/\/archive.sana.sy\/es\/index.php?rest_route=\/wp\/v2\/posts\/214272"}],"collection":[{"href":"https:\/\/archive.sana.sy\/es\/index.php?rest_route=\/wp\/v2\/posts"}],"about":[{"href":"https:\/\/archive.sana.sy\/es\/index.php?rest_route=\/wp\/v2\/types\/post"}],"author":[{"embeddable":true,"href":"https:\/\/archive.sana.sy\/es\/index.php?rest_route=\/wp\/v2\/users\/30"}],"replies":[{"embeddable":true,"href":"https:\/\/archive.sana.sy\/es\/index.php?rest_route=%2Fwp%2Fv2%2Fcomments&post=214272"}],"version-history":[{"count":0,"href":"https:\/\/archive.sana.sy\/es\/index.php?rest_route=\/wp\/v2\/posts\/214272\/revisions"}],"wp:featuredmedia":[{"embeddable":true,"href":"https:\/\/archive.sana.sy\/es\/index.php?rest_route=\/wp\/v2\/media\/214273"}],"wp:attachment":[{"href":"https:\/\/archive.sana.sy\/es\/index.php?rest_route=%2Fwp%2Fv2%2Fmedia&parent=214272"}],"wp:term":[{"taxonomy":"category","embeddable":true,"href":"https:\/\/archive.sana.sy\/es\/index.php?rest_route=%2Fwp%2Fv2%2Fcategories&post=214272"},{"taxonomy":"post_tag","embeddable":true,"href":"https:\/\/archive.sana.sy\/es\/index.php?rest_route=%2Fwp%2Fv2%2Ftags&post=214272"}],"curies":[{"name":"wp","href":"https:\/\/api.w.org\/{rel}","templated":true}]}}