{"id":214275,"date":"2022-01-13T15:37:52","date_gmt":"2022-01-13T13:37:52","guid":{"rendered":"http:\/\/107.6.182.27\/es\/?p=214275"},"modified":"2022-01-13T15:37:52","modified_gmt":"2022-01-13T13:37:52","slug":"siria-ratifica-apoyo-a-lucha-del-pueblo-palestino","status":"publish","type":"post","link":"https:\/\/archive.sana.sy\/es\/?p=214275","title":{"rendered":"Siria ratifica apoyo a lucha del pueblo palestino"},"content":{"rendered":"<p style=\"text-align: justify;\"><span style=\"color: #800000;\"><strong>Damasco, 13 ene (SANA)\u00a0 <\/strong><\/span>El ministro de Exteriores y Expatriados, Faisal al-Mekdad, reiter\u00f3 el continuo apoyo de Siria a los derechos del pueblo palestino y su honorable lucha por defender su tierra y lugares sagrados.<\/p>\n<p style=\"text-align: justify;\">Durante su reuni\u00f3n en la sede de Canciller\u00eda con el ministro de Agricultura de Palestina, Riad Atari, al-Mekdad resalt\u00f3 que Siria cree en los derechos leg\u00edtimos e inalienables del pueblo palestino, incluido el establecimiento de un Estado independiente sobre su territorio.<\/p>\n<p style=\"text-align: justify;\">\u201cLa tierra es la esencia de este conflicto y la firmeza de los campesinos palestinos y su apego a la tierra es el primer frente para resistir la ocupaci\u00f3n y preservar los derechos\u201d, expres\u00f3 el Canciller.<\/p>\n<p style=\"text-align: justify;\">El jefe de diplomacia siria conden\u00f3 las pol\u00edticas de asentamientos y anexi\u00f3n de tierras, y se\u00f1al\u00f3 que la seguridad alimentaria, ya sea en Siria o Palestina, depende principalmente del sector agr\u00edcola y que la resistencia a las medidas coercitivas unilaterales es un indicador importante.<\/p>\n<p style=\"text-align: justify;\">Por su parte, el titular Atari destac\u00f3 la importancia de esta visita destinada a unificar esfuerzos con el fin de lograr progreso y desarrollo del sector agr\u00edcola en Palestina y Siria.<\/p>\n<p style=\"text-align: justify;\">En una declaraci\u00f3n a los periodistas, el ministro Atari explic\u00f3 que la reuni\u00f3n fue fruct\u00edfera y abord\u00f3 los acontecimientos m\u00e1s destacados en Cisjordania, en particular las actuales agresiones israel\u00edes y el estancamiento en el proceso de alcanzar una soluci\u00f3n pol\u00edtica.<\/p>\n<p style=\"text-align: justify;\">\u201cElogiamos la posici\u00f3n de Siria en apoyo de la causa palestina en todos los foros\u201d, concluy\u00f3.<\/p>\n<p style=\"text-align: justify;\"><em><strong>ah\/fm<\/strong><\/em><\/p>\n","protected":false},"excerpt":{"rendered":"<p>Damasco, 13 ene (SANA)\u00a0 El ministro de Exteriores y Expatriados, Faisal al-Mekdad, reiter\u00f3 el continuo apoyo de Siria a los derechos del pueblo palestino y su honorable lucha por defender su tierra y lugares sagrados. Durante su reuni\u00f3n en la sede de Canciller\u00eda con el ministro de Agricultura de Palestina, Riad Atari, al-Mekdad resalt\u00f3 que &hellip;<\/p>\n","protected":false},"author":30,"featured_media":214276,"comment_status":"closed","ping_status":"closed","sticky":false,"template":"","format":"standard","meta":{"footnotes":""},"categories":[597,457,467,583],"tags":[],"class_list":["post-214275","post","type-post","status-publish","format-standard","has-post-thumbnail","","category-cinta-de-noticias","category-noticias-arabe-internacional-politica","category-siria-y-el-mundo","category-slide"],"_links":{"self":[{"href":"https:\/\/archive.sana.sy\/es\/index.php?rest_route=\/wp\/v2\/posts\/214275"}],"collection":[{"href":"https:\/\/archive.sana.sy\/es\/index.php?rest_route=\/wp\/v2\/posts"}],"about":[{"href":"https:\/\/archive.sana.sy\/es\/index.php?rest_route=\/wp\/v2\/types\/post"}],"author":[{"embeddable":true,"href":"https:\/\/archive.sana.sy\/es\/index.php?rest_route=\/wp\/v2\/users\/30"}],"replies":[{"embeddable":true,"href":"https:\/\/archive.sana.sy\/es\/index.php?rest_route=%2Fwp%2Fv2%2Fcomments&post=214275"}],"version-history":[{"count":0,"href":"https:\/\/archive.sana.sy\/es\/index.php?rest_route=\/wp\/v2\/posts\/214275\/revisions"}],"wp:featuredmedia":[{"embeddable":true,"href":"https:\/\/archive.sana.sy\/es\/index.php?rest_route=\/wp\/v2\/media\/214276"}],"wp:attachment":[{"href":"https:\/\/archive.sana.sy\/es\/index.php?rest_route=%2Fwp%2Fv2%2Fmedia&parent=214275"}],"wp:term":[{"taxonomy":"category","embeddable":true,"href":"https:\/\/archive.sana.sy\/es\/index.php?rest_route=%2Fwp%2Fv2%2Fcategories&post=214275"},{"taxonomy":"post_tag","embeddable":true,"href":"https:\/\/archive.sana.sy\/es\/index.php?rest_route=%2Fwp%2Fv2%2Ftags&post=214275"}],"curies":[{"name":"wp","href":"https:\/\/api.w.org\/{rel}","templated":true}]}}