{"id":214278,"date":"2022-01-13T16:02:03","date_gmt":"2022-01-13T14:02:03","guid":{"rendered":"http:\/\/107.6.182.27\/es\/?p=214278"},"modified":"2022-01-14T11:52:49","modified_gmt":"2022-01-14T09:52:49","slug":"siria-ofrece-condolencias-por-el-fallecimiento-de-la-periodista-y-activista-libanesa-samar-al-haj","status":"publish","type":"post","link":"https:\/\/archive.sana.sy\/es\/?p=214278","title":{"rendered":"Siria ofrece condolencias por el fallecimiento de la periodista y activista libanesa Samar Al-Haj"},"content":{"rendered":"<p style=\"text-align: justify;\"><span style=\"color: #800000;\"><strong>Beirut, 13 ene (SANA)\u00a0<\/strong><\/span> Por encargo del presidente Bashar al-Assad, el embajador de Siria en el L\u00edbano, Ali Abdel Karim, ofreci\u00f3 sus condolencias por la muerte de la periodista y activista libanesa, Samar Shalak Al-Haj.<\/p>\n<p style=\"text-align: justify;\">El esposo de la fallecida, el general Ali Al-Haj, ex director general de las Fuerzas de Seguridad Interna del L\u00edbano, agradeci\u00f3 al presidente al-Assad por su gesto, y dese\u00f3 victoria para Siria en su guerra contra el terrorismo.<\/p>\n<p style=\"text-align: justify;\">La periodista y activista libanesa, Samar al-Haj falleci\u00f3 este jueves, tras larga lucha contra la enfermedad.<\/p>\n<p style=\"text-align: justify;\">Al-Haj era conocida por sus posiciones patri\u00f3ticas de apoyo a Siria y la resistencia, y su respaldo a la causa palestina y las otras justas causas \u00e1rabes.<\/p>\n<p style=\"text-align: justify;\"><em><strong>fm\/ah<\/strong><\/em><\/p>\n","protected":false},"excerpt":{"rendered":"<p>Beirut, 13 ene (SANA)\u00a0 Por encargo del presidente Bashar al-Assad, el embajador de Siria en el L\u00edbano, Ali Abdel Karim, ofreci\u00f3 sus condolencias por la muerte de la periodista y activista libanesa, Samar Shalak Al-Haj. El esposo de la fallecida, el general Ali Al-Haj, ex director general de las Fuerzas de Seguridad Interna del L\u00edbano, &hellip;<\/p>\n","protected":false},"author":30,"featured_media":214282,"comment_status":"closed","ping_status":"closed","sticky":false,"template":"","format":"standard","meta":{"footnotes":""},"categories":[597,16237,467,583],"tags":[],"class_list":["post-214278","post","type-post","status-publish","format-standard","has-post-thumbnail","","category-cinta-de-noticias","category-presidence-de-la-republique-arabe-syria","category-siria-y-el-mundo","category-slide"],"_links":{"self":[{"href":"https:\/\/archive.sana.sy\/es\/index.php?rest_route=\/wp\/v2\/posts\/214278"}],"collection":[{"href":"https:\/\/archive.sana.sy\/es\/index.php?rest_route=\/wp\/v2\/posts"}],"about":[{"href":"https:\/\/archive.sana.sy\/es\/index.php?rest_route=\/wp\/v2\/types\/post"}],"author":[{"embeddable":true,"href":"https:\/\/archive.sana.sy\/es\/index.php?rest_route=\/wp\/v2\/users\/30"}],"replies":[{"embeddable":true,"href":"https:\/\/archive.sana.sy\/es\/index.php?rest_route=%2Fwp%2Fv2%2Fcomments&post=214278"}],"version-history":[{"count":0,"href":"https:\/\/archive.sana.sy\/es\/index.php?rest_route=\/wp\/v2\/posts\/214278\/revisions"}],"wp:featuredmedia":[{"embeddable":true,"href":"https:\/\/archive.sana.sy\/es\/index.php?rest_route=\/wp\/v2\/media\/214282"}],"wp:attachment":[{"href":"https:\/\/archive.sana.sy\/es\/index.php?rest_route=%2Fwp%2Fv2%2Fmedia&parent=214278"}],"wp:term":[{"taxonomy":"category","embeddable":true,"href":"https:\/\/archive.sana.sy\/es\/index.php?rest_route=%2Fwp%2Fv2%2Fcategories&post=214278"},{"taxonomy":"post_tag","embeddable":true,"href":"https:\/\/archive.sana.sy\/es\/index.php?rest_route=%2Fwp%2Fv2%2Ftags&post=214278"}],"curies":[{"name":"wp","href":"https:\/\/api.w.org\/{rel}","templated":true}]}}