{"id":214370,"date":"2022-01-14T09:03:38","date_gmt":"2022-01-14T07:03:38","guid":{"rendered":"http:\/\/107.6.182.27\/es\/?p=214370"},"modified":"2022-01-14T09:03:38","modified_gmt":"2022-01-14T07:03:38","slug":"titulares-de-la-agencia-sana-14-de-enero-2022","status":"publish","type":"post","link":"https:\/\/archive.sana.sy\/es\/?p=214370","title":{"rendered":"Titulares de la agencia SANA, 14 de enero 2022"},"content":{"rendered":"<p><span style=\"color: #800000;\"><strong>Damasco, 14 ene (SANA)<\/strong><\/span><\/p>\n<p>????Cientos de militares fugitivos y pr\u00f3fugos se entregan en el segundo d\u00eda del proceso de reconciliaci\u00f3n en Raqa<\/p>\n<p>????Siria ratifica apoyo a lucha del pueblo palestino<\/p>\n<p>????Siria ofrece condolencias por el fallecimiento de la periodista y activista libanesa Samar Al-Haj<\/p>\n<p>????Siria exportar\u00e1 sus c\u00edtricos a Iraq a partir de la pr\u00f3xima semana<\/p>\n<p>????Siria e Ir\u00e1n examinan amplio abanico de temas de cooperaci\u00f3n<\/p>\n<p>????Conversaciones sirio-palestinas para cooperar en el campo ecol\u00f3gico<\/p>\n<p>????Las medidas coercitivas occidentals apuntan contra el pueblo sirio, afimra Canciller sirio<\/p>\n<p>????Abatidos dos oficiales del ej\u00e9rcito israel\u00ed en el Valle del Jord\u00e1n<\/p>\n<p>????Nuevos ataques israel\u00edes contra agricultores palestinos en Gaza<\/p>\n<p>????La aprobaci\u00f3n del acuerdo militar con Estados Unidos es &#8220;una traici\u00f3n y un d\u00eda negro para la soberan\u00eda de Eslovaquia&#8221;<\/p>\n<p>????Intensos bombardeos turcos contra localidades en el norte de Siria<\/p>\n<p>????&#8221;Hipos&#8221;, nueva telenovela siria sobre las secuelas de la guerra<\/p>\n<p>????Fuerzas de mantenimiento de la paz entregan protecci\u00f3n de infraestructura a las autoridades kazajas<\/p>\n<p>????Palacio Al-Zahrawi, una joya arquitect\u00f3nica que refleja la autenticidad del patrimonio sirio (+fotos)<\/p>\n<p>????Falleci\u00f3 Samar al-Haj, periodista y activista conocida por su apoyo a Siria, Palestina y la resistencia<\/p>\n<p>????Siria e Ir\u00e1n intercambian experiencias en tecnolog\u00eda de construcci\u00f3n<\/p>\n<p>????Siria y Palestina repasan cooperaci\u00f3n para desarrollar el sector agr\u00edcola<\/p>\n<p>????Conversaciones con EEUU y la OTAN sobre garant\u00edas de seguridad no tuvieron \u00e9xito, afirma Mosc\u00fa<\/p>\n<p>????Entregan ayuda rusa a aldeanos en el campo de Alepo<\/p>\n<p>????Un ni\u00f1o resulta herido al estallarse una bomba abandonada en el campo de Hama<\/p>\n<p>????Sirios del Gol\u00e1n participan en sentada solidaria con el preso palestino Abu Hamid<\/p>\n<p>????Atacan con misiles a embajada de EEUU en Irak<\/p>\n<p>????Heridos palestinos por represi\u00f3n israel\u00ed a manifestaci\u00f3n en Naplusa<\/p>\n<p>????Lavrov: sanciones estadounidenses son absurdas y Mosc\u00fa responder\u00e1 a las mismas<\/p>\n<p>????Decenas de mercenarios del agresor saud\u00ed muertos o heridos en Yemen<\/p>\n<p>????Operaciones militares estadounidenses en Siria no tienen autorizaci\u00f3n legal<\/p>\n<p>????Etihad de Alepo logra su s\u00e9ptima victoria en Liga Nacional de Baloncesto (+fotos)<\/p>\n<p>????Siria confirm\u00f3 30 nuevos casos positivos a la Covid-19, tres decesos y 120 recuperad0os de esta enfermedad.<\/p>\n","protected":false},"excerpt":{"rendered":"<p>Damasco, 14 ene (SANA) ????Cientos de militares fugitivos y pr\u00f3fugos se entregan en el segundo d\u00eda del proceso de reconciliaci\u00f3n en Raqa ????Siria ratifica apoyo a lucha del pueblo palestino ????Siria ofrece condolencias por el fallecimiento de la periodista y activista libanesa Samar Al-Haj ????Siria exportar\u00e1 sus c\u00edtricos a Iraq a partir de la pr\u00f3xima &hellip;<\/p>\n","protected":false},"author":30,"featured_media":214371,"comment_status":"closed","ping_status":"closed","sticky":false,"template":"","format":"standard","meta":{"footnotes":""},"categories":[555,597,7541],"tags":[],"class_list":["post-214370","post","type-post","status-publish","format-standard","has-post-thumbnail","","category-prensa","category-cinta-de-noticias","category-ultimas-noticias"],"_links":{"self":[{"href":"https:\/\/archive.sana.sy\/es\/index.php?rest_route=\/wp\/v2\/posts\/214370"}],"collection":[{"href":"https:\/\/archive.sana.sy\/es\/index.php?rest_route=\/wp\/v2\/posts"}],"about":[{"href":"https:\/\/archive.sana.sy\/es\/index.php?rest_route=\/wp\/v2\/types\/post"}],"author":[{"embeddable":true,"href":"https:\/\/archive.sana.sy\/es\/index.php?rest_route=\/wp\/v2\/users\/30"}],"replies":[{"embeddable":true,"href":"https:\/\/archive.sana.sy\/es\/index.php?rest_route=%2Fwp%2Fv2%2Fcomments&post=214370"}],"version-history":[{"count":0,"href":"https:\/\/archive.sana.sy\/es\/index.php?rest_route=\/wp\/v2\/posts\/214370\/revisions"}],"wp:featuredmedia":[{"embeddable":true,"href":"https:\/\/archive.sana.sy\/es\/index.php?rest_route=\/wp\/v2\/media\/214371"}],"wp:attachment":[{"href":"https:\/\/archive.sana.sy\/es\/index.php?rest_route=%2Fwp%2Fv2%2Fmedia&parent=214370"}],"wp:term":[{"taxonomy":"category","embeddable":true,"href":"https:\/\/archive.sana.sy\/es\/index.php?rest_route=%2Fwp%2Fv2%2Fcategories&post=214370"},{"taxonomy":"post_tag","embeddable":true,"href":"https:\/\/archive.sana.sy\/es\/index.php?rest_route=%2Fwp%2Fv2%2Ftags&post=214370"}],"curies":[{"name":"wp","href":"https:\/\/api.w.org\/{rel}","templated":true}]}}