{"id":214373,"date":"2022-01-14T09:16:51","date_gmt":"2022-01-14T07:16:51","guid":{"rendered":"http:\/\/107.6.182.27\/es\/?p=214373"},"modified":"2022-01-14T09:16:51","modified_gmt":"2022-01-14T07:16:51","slug":"milicia-aliada-de-washington-secuestra-a-una-menor-en-hasakeh","status":"publish","type":"post","link":"https:\/\/archive.sana.sy\/es\/?p=214373","title":{"rendered":"Milicia aliada de Washington secuestra a una menor en Hasakeh"},"content":{"rendered":"<p style=\"text-align: justify;\"><span style=\"color: #800000;\"><strong>Hasakeh, 14 ene (SANA)<\/strong><\/span> La milicia separatista Fuerzas Democr\u00e1ticas Sirias (FDS), patrocinada por la ocupaci\u00f3n estadounidense, secuestr\u00f3 a una ni\u00f1a de 15 a\u00f1os de la aldea de Fatuma, adyacente a la localidad de Al-Yarubiya en el noreste de la provincia de Hasakeh, y la llev\u00f3 a un destino desconocido.<\/p>\n<p style=\"text-align: justify;\">El padre de la ni\u00f1a, ahmed Melhem, explic\u00f3 a SANA que su hija fue secuestrada por un grupo armado afiliado a la milicia FDS despu\u00e9s de obligarla a salir en una marcha a favor de la milicia.<\/p>\n<p style=\"text-align: justify;\">\u201cEl secuestro de mi hija tuvo lugar en plena luz del d\u00eda, pues, cuatro hombres armados de la milicia FDS atacaron mi ni\u00f1a y la arrastraron por la fuerza a su autom\u00f3vil y la llevaron a un paradero desconocido\u201d, detall\u00f3 el padre.<\/p>\n<p style=\"text-align: justify;\">Activistas locales informaron a SANA que la FDS atrae a ni\u00f1as y ni\u00f1os bajo el pretexto de hacerles cursos de capacitaci\u00f3n en diferentes \u00e1reas y luego los secuestra por la fuerza y los recluta obligatoriamente en sus filas.<\/p>\n<p style=\"text-align: justify;\"><em><strong>ah\/fm<\/strong><\/em><\/p>\n","protected":false},"excerpt":{"rendered":"<p>Hasakeh, 14 ene (SANA) La milicia separatista Fuerzas Democr\u00e1ticas Sirias (FDS), patrocinada por la ocupaci\u00f3n estadounidense, secuestr\u00f3 a una ni\u00f1a de 15 a\u00f1os de la aldea de Fatuma, adyacente a la localidad de Al-Yarubiya en el noreste de la provincia de Hasakeh, y la llev\u00f3 a un destino desconocido. El padre de la ni\u00f1a, ahmed &hellip;<\/p>\n","protected":false},"author":30,"featured_media":214374,"comment_status":"closed","ping_status":"closed","sticky":false,"template":"","format":"standard","meta":{"footnotes":""},"categories":[477,597,573,457,7541],"tags":[],"class_list":["post-214373","post","type-post","status-publish","format-standard","has-post-thumbnail","","category-noticias-edulcorantes","category-cinta-de-noticias","category-la-realidad-de-los-acontecimientos-en-siria","category-noticias-arabe-internacional-politica","category-ultimas-noticias"],"_links":{"self":[{"href":"https:\/\/archive.sana.sy\/es\/index.php?rest_route=\/wp\/v2\/posts\/214373"}],"collection":[{"href":"https:\/\/archive.sana.sy\/es\/index.php?rest_route=\/wp\/v2\/posts"}],"about":[{"href":"https:\/\/archive.sana.sy\/es\/index.php?rest_route=\/wp\/v2\/types\/post"}],"author":[{"embeddable":true,"href":"https:\/\/archive.sana.sy\/es\/index.php?rest_route=\/wp\/v2\/users\/30"}],"replies":[{"embeddable":true,"href":"https:\/\/archive.sana.sy\/es\/index.php?rest_route=%2Fwp%2Fv2%2Fcomments&post=214373"}],"version-history":[{"count":0,"href":"https:\/\/archive.sana.sy\/es\/index.php?rest_route=\/wp\/v2\/posts\/214373\/revisions"}],"wp:featuredmedia":[{"embeddable":true,"href":"https:\/\/archive.sana.sy\/es\/index.php?rest_route=\/wp\/v2\/media\/214374"}],"wp:attachment":[{"href":"https:\/\/archive.sana.sy\/es\/index.php?rest_route=%2Fwp%2Fv2%2Fmedia&parent=214373"}],"wp:term":[{"taxonomy":"category","embeddable":true,"href":"https:\/\/archive.sana.sy\/es\/index.php?rest_route=%2Fwp%2Fv2%2Fcategories&post=214373"},{"taxonomy":"post_tag","embeddable":true,"href":"https:\/\/archive.sana.sy\/es\/index.php?rest_route=%2Fwp%2Fv2%2Ftags&post=214373"}],"curies":[{"name":"wp","href":"https:\/\/api.w.org\/{rel}","templated":true}]}}