{"id":214467,"date":"2022-01-14T17:24:02","date_gmt":"2022-01-14T15:24:02","guid":{"rendered":"http:\/\/107.6.182.27\/es\/?p=214467"},"modified":"2023-01-10T16:39:08","modified_gmt":"2023-01-10T14:39:08","slug":"brutal-represion-israeli-a-manifestaciones-palestinas-en-cisjordania","status":"publish","type":"post","link":"https:\/\/archive.sana.sy\/es\/?p=214467","title":{"rendered":"Brutal represi\u00f3n israel\u00ed a manifestaciones palestinas en Cisjordania"},"content":{"rendered":"<p style=\"text-align: justify;\"><span style=\"color: #800000;\"><strong>Jerusal\u00e9n ocupada, 14 ene (SANA)\u00a0 <\/strong><\/span>Decenas de palestinos resultaron heridos por la represi\u00f3n de las tropas de ocupaci\u00f3n israel\u00edes a dos manifestaciones contra las colonias sionistas en la aldea de Biet Dajan, al oeste Naplusa, en Cisjordania.<\/p>\n<p style=\"text-align: justify;\">La agencia palestina de noticias Wafa inform\u00f3 que los soldados israel\u00edes dispararon y lanzaron bombas de gas lacrim\u00f3geno contra los manifestantes, lo cual provoc\u00f3 la lesi\u00f3n de ocho y la asfixia de decenas.<\/p>\n<p style=\"text-align: justify;\">Asimismo, decenas de palestinos fueron heridos y asfixiados en similar represi\u00f3n israel\u00ed a la manifestaci\u00f3n semanal contra los asentamientos en el pueblo de Kafr Qaddum, al este de Qalqilya en el oeste de Cisjordania.<\/p>\n<p><img loading=\"lazy\" decoding=\"async\" class=\"alignright wp-image-214470 size-medium\" src=\"http:\/\/107.6.182.27\/es\/wp-content\/uploads\/2022\/01\/Untitled-2-43-660x330-1-300x150.jpg\" alt=\"\" width=\"300\" height=\"150\" srcset=\"https:\/\/archive.sana.sy\/es\/wp-content\/uploads\/2022\/01\/Untitled-2-43-660x330-1-300x150.jpg 300w, https:\/\/archive.sana.sy\/es\/wp-content\/uploads\/2022\/01\/Untitled-2-43-660x330-1-150x75.jpg 150w, https:\/\/archive.sana.sy\/es\/wp-content\/uploads\/2022\/01\/Untitled-2-43-660x330-1.jpg 660w\" sizes=\"(max-width: 300px) 100vw, 300px\" \/><\/p>\n<p style=\"text-align: justify;\">En la v\u00edspera, los soldados del ocupante bloquearon la entrada del municipio de Osrin, al sur de la ciudad de Naplusa, donde arrasaron \u00e1reas de tierra agr\u00edcola alrededor de Jabal Sobeih en el poblado de Beita al sur de la referida ciudad.<\/p>\n<p style=\"text-align: justify;\"><em><strong>sm\/fm<\/strong><\/em><\/p>\n","protected":false},"excerpt":{"rendered":"<p>Jerusal\u00e9n ocupada, 14 ene (SANA)\u00a0 Decenas de palestinos resultaron heridos por la represi\u00f3n de las tropas de ocupaci\u00f3n israel\u00edes a dos manifestaciones contra las colonias sionistas en la aldea de Biet Dajan, al oeste Naplusa, en Cisjordania. La agencia palestina de noticias Wafa inform\u00f3 que los soldados israel\u00edes dispararon y lanzaron bombas de gas lacrim\u00f3geno &hellip;<\/p>\n","protected":false},"author":39,"featured_media":214468,"comment_status":"closed","ping_status":"closed","sticky":false,"template":"","format":"standard","meta":{"footnotes":""},"categories":[597,456,457,7541],"tags":[],"class_list":["post-214467","post","type-post","status-publish","format-standard","has-post-thumbnail","","category-cinta-de-noticias","category-arabe-internacional-politica","category-noticias-arabe-internacional-politica","category-ultimas-noticias"],"_links":{"self":[{"href":"https:\/\/archive.sana.sy\/es\/index.php?rest_route=\/wp\/v2\/posts\/214467"}],"collection":[{"href":"https:\/\/archive.sana.sy\/es\/index.php?rest_route=\/wp\/v2\/posts"}],"about":[{"href":"https:\/\/archive.sana.sy\/es\/index.php?rest_route=\/wp\/v2\/types\/post"}],"author":[{"embeddable":true,"href":"https:\/\/archive.sana.sy\/es\/index.php?rest_route=\/wp\/v2\/users\/39"}],"replies":[{"embeddable":true,"href":"https:\/\/archive.sana.sy\/es\/index.php?rest_route=%2Fwp%2Fv2%2Fcomments&post=214467"}],"version-history":[{"count":0,"href":"https:\/\/archive.sana.sy\/es\/index.php?rest_route=\/wp\/v2\/posts\/214467\/revisions"}],"wp:featuredmedia":[{"embeddable":true,"href":"https:\/\/archive.sana.sy\/es\/index.php?rest_route=\/wp\/v2\/media\/214468"}],"wp:attachment":[{"href":"https:\/\/archive.sana.sy\/es\/index.php?rest_route=%2Fwp%2Fv2%2Fmedia&parent=214467"}],"wp:term":[{"taxonomy":"category","embeddable":true,"href":"https:\/\/archive.sana.sy\/es\/index.php?rest_route=%2Fwp%2Fv2%2Fcategories&post=214467"},{"taxonomy":"post_tag","embeddable":true,"href":"https:\/\/archive.sana.sy\/es\/index.php?rest_route=%2Fwp%2Fv2%2Ftags&post=214467"}],"curies":[{"name":"wp","href":"https:\/\/api.w.org\/{rel}","templated":true}]}}